                       {"id":47462,"date":"2023-09-28T11:39:56","date_gmt":"2023-09-28T17:39:56","guid":{"rendered":"https:\/\/laultimapalabra.com.mx\/portal\/?p=47462"},"modified":"2023-09-28T11:39:56","modified_gmt":"2023-09-28T17:39:56","slug":"traicion-a-la-patria-si-la-corte-entrega-la-produccion-electrica","status":"publish","type":"post","link":"https:\/\/laultimapalabra.com.mx\/portal\/traicion-a-la-patria-si-la-corte-entrega-la-produccion-electrica\/","title":{"rendered":"&#8220;Traici\u00f3n a la patria si la Corte entrega la producci\u00f3n el\u00e9ctrica&#8221;"},"content":{"rendered":"<p>Ciudad de M\u00e9xico. Como un acto de traici\u00f3n a la patria consider\u00f3 el presidente Andr\u00e9s Manuel L\u00f3pez Obrador que desde el Poder Judicial de la Federaci\u00f3n (PJF) se ayude a las empresas extranjeras que pretenden echar atr\u00e1s la ley de la industria el\u00e9ctrica.<\/p>\n<p>Esto, luego de que en la ma\u00f1anera de ayer se le preguntara sobre los amparos promovidos por varias firmas en contra de esta normativa, de los cuales dos ser\u00edan analizados ayer mismo por la Suprema Corte de Justicia de la Naci\u00f3n (SCJN), aunque debido a un recurso promovido por la Secretar\u00eda de Energ\u00eda la discusi\u00f3n se aplaz\u00f3.<\/p>\n<p>Ser\u00eda un acto de traici\u00f3n a la patria permitir que sigan con la misma pol\u00edtica de pillaje. Y es esa estructura del Poder Judicial la que les ayuda, jueces, magistrados, ministros, que protegen a estas empresas extranjeras desde que se llevaron a cabo los cambios a las leyes y a la Constituci\u00f3n (en materia el\u00e9ctrica).<\/p>\n<p>Horas antes de que en la Corte se suspendiera ese debate, el presidente se\u00f1al\u00f3 que en alianza con el PJF los conservadores est\u00e1n empecinados en seguir consolidando la llamada reforma energ\u00e9tica y entregando los bienes p\u00fablicos.<\/p>\n<p>FUENTE: LA JORNADA<\/p>\n<p>CR\u00c9DITOS: PROCESO<\/p>\n<p>&nbsp;<\/p>\n","protected":false},"excerpt":{"rendered":"<p>Ciudad de M\u00e9xico. Como un acto de traici\u00f3n a la patria consider\u00f3 el presidente Andr\u00e9s Manuel L\u00f3pez Obrador que desde el Poder Judicial de la Federaci\u00f3n (PJF) se ayude a las empresas extranjeras que pretenden echar atr\u00e1s la ley de la industria el\u00e9ctrica. Esto, luego de que en la ma\u00f1anera de ayer se le preguntara [&hellip;]<\/p>\n","protected":false},"author":9,"featured_media":47463,"comment_status":"closed","ping_status":"closed","sticky":false,"template":"","format":"standard","meta":{"footnotes":""},"categories":[19],"tags":[124,9669,2085,5974,5859],"class_list":["post-47462","post","type-post","status-publish","format-standard","has-post-thumbnail","hentry","category-nacional","tag-amlo","tag-leyelectrica","tag-scjn","tag-traicionalapatria","tag-ultimas-noticias"],"_links":{"self":[{"href":"https:\/\/laultimapalabra.com.mx\/portal\/wp-json\/wp\/v2\/posts\/47462","targetHints":{"allow":["GET"]}}],"collection":[{"href":"https:\/\/laultimapalabra.com.mx\/portal\/wp-json\/wp\/v2\/posts"}],"about":[{"href":"https:\/\/laultimapalabra.com.mx\/portal\/wp-json\/wp\/v2\/types\/post"}],"author":[{"embeddable":true,"href":"https:\/\/laultimapalabra.com.mx\/portal\/wp-json\/wp\/v2\/users\/9"}],"replies":[{"embeddable":true,"href":"https:\/\/laultimapalabra.com.mx\/portal\/wp-json\/wp\/v2\/comments?post=47462"}],"version-history":[{"count":1,"href":"https:\/\/laultimapalabra.com.mx\/portal\/wp-json\/wp\/v2\/posts\/47462\/revisions"}],"predecessor-version":[{"id":47464,"href":"https:\/\/laultimapalabra.com.mx\/portal\/wp-json\/wp\/v2\/posts\/47462\/revisions\/47464"}],"wp:featuredmedia":[{"embeddable":true,"href":"https:\/\/laultimapalabra.com.mx\/portal\/wp-json\/wp\/v2\/media\/47463"}],"wp:attachment":[{"href":"https:\/\/laultimapalabra.com.mx\/portal\/wp-json\/wp\/v2\/media?parent=47462"}],"wp:term":[{"taxonomy":"category","embeddable":true,"href":"https:\/\/laultimapalabra.com.mx\/portal\/wp-json\/wp\/v2\/categories?post=47462"},{"taxonomy":"post_tag","embeddable":true,"href":"https:\/\/laultimapalabra.com.mx\/portal\/wp-json\/wp\/v2\/tags?post=47462"}],"curies":[{"name":"wp","href":"https:\/\/api.w.org\/{rel}","templated":true}]}}