                       {"id":47470,"date":"2023-09-28T12:19:49","date_gmt":"2023-09-28T18:19:49","guid":{"rendered":"https:\/\/laultimapalabra.com.mx\/portal\/?p=47470"},"modified":"2023-09-28T12:19:49","modified_gmt":"2023-09-28T18:19:49","slug":"sujetos-armados-incendian-autobus-con-30-pasajeros-en-ecuador","status":"publish","type":"post","link":"https:\/\/laultimapalabra.com.mx\/portal\/sujetos-armados-incendian-autobus-con-30-pasajeros-en-ecuador\/","title":{"rendered":"Sujetos armados incendian autob\u00fas con 30 pasajeros en Ecuador"},"content":{"rendered":"<p>Quito. &#8211; Un total de 30 pasajeros lograron escapar la madrugada de este martes de un autob\u00fas de servicio p\u00fablico, que fue incendiado por delincuentes cuando circulaba por el norte de la ciudad costera de Guayaquil, una de las que concentra los mayores casos de violencia en Ecuador.<\/p>\n<p>El autob\u00fas de la l\u00ednea 120 circulaba en el sector de Basti\u00f3n Popular, a las 05:30 hora local, cuando fue interceptado por cuatro sujetos fuertemente armados, inform\u00f3 la televisi\u00f3n Ecuavisa.<\/p>\n<p>A\u00f1adi\u00f3 que, &#8220;sin decir alguna palabra, los antisociales se subieron a la unidad, rociaron con gasolina el veh\u00edculo y lo incendiaron&#8221;.<\/p>\n<p>El conductor estacion\u00f3 el automotor unos metros m\u00e1s adelante, y todos los ocupantes se bajaron de manera inmediata, teniendo que romper las ventanas para abrir las puertas a fin de escapar de las llamas.<\/p>\n<p>&#8220;Ninguno de los pasajeros o el conductor sufri\u00f3 heridas graves, solo ciertos cortes producidos por despedazar los vidrios para salir&#8221;, agreg\u00f3 Ecuavisa.<\/p>\n<p>Apunt\u00f3 que este caso sorprende, porque en anteriores ocasiones se hab\u00edan incendiado autobuses estacionados, pero esta ser\u00eda la primera vez que uno es atacado mientras tiene personas dentro.<\/p>\n<p>El due\u00f1o del autob\u00fas, que ten\u00eda una deuda de 70 mil d\u00f3lares por el veh\u00edculo, mencion\u00f3 que no cree que haya sido un atentado contra \u00e9l ni contra el conductor, ya que no hab\u00edan recibido amenazas de bandas delictivas.<\/p>\n<p>&#8220;\u00c9l cree que se trata de un ataque contra la cooperativa a la que pertenece, porque otras unidades han sido parcialmente incineradas o baleadas&#8221;, rese\u00f1\u00f3 Ecuavisa.<\/p>\n<p>Actualmente, Ecuador vive una escalada de violencia, que las autoridades atribuyen al enfrentamiento entre bandas criminales, vinculadas al narcotr\u00e1fico.<\/p>\n<p>Ecuador ha pasado en cinco a\u00f1os de 5.8 a 25.32 asesinatos por cada 100 mil habitantes, la cifra m\u00e1s alta desde que se tiene registro en el pa\u00eds, y seg\u00fan los expertos esa tasa podr\u00eda alcanzar incluso los 40 para finales de 2023.<\/p>\n<p>FUENTE: ABC NOTICIAS<\/p>\n<p>CR\u00c9DITOS FOTO: EFE<\/p>\n","protected":false},"excerpt":{"rendered":"<p>Quito. &#8211; Un total de 30 pasajeros lograron escapar la madrugada de este martes de un autob\u00fas de servicio p\u00fablico, que fue incendiado por delincuentes cuando circulaba por el norte de la ciudad costera de Guayaquil, una de las que concentra los mayores casos de violencia en Ecuador. El autob\u00fas de la l\u00ednea 120 circulaba [&hellip;]<\/p>\n","protected":false},"author":9,"featured_media":47472,"comment_status":"closed","ping_status":"closed","sticky":false,"template":"","format":"standard","meta":{"footnotes":""},"categories":[16],"tags":[9673,5908,9672,9674,5859],"class_list":["post-47470","post","type-post","status-publish","format-standard","has-post-thumbnail","hentry","category-internacional","tag-30pasajerosescaparondeincendio","tag-ecuador","tag-incendiodeautobus","tag-pugnasentregremiosdeltransporte","tag-ultimas-noticias"],"_links":{"self":[{"href":"https:\/\/laultimapalabra.com.mx\/portal\/wp-json\/wp\/v2\/posts\/47470","targetHints":{"allow":["GET"]}}],"collection":[{"href":"https:\/\/laultimapalabra.com.mx\/portal\/wp-json\/wp\/v2\/posts"}],"about":[{"href":"https:\/\/laultimapalabra.com.mx\/portal\/wp-json\/wp\/v2\/types\/post"}],"author":[{"embeddable":true,"href":"https:\/\/laultimapalabra.com.mx\/portal\/wp-json\/wp\/v2\/users\/9"}],"replies":[{"embeddable":true,"href":"https:\/\/laultimapalabra.com.mx\/portal\/wp-json\/wp\/v2\/comments?post=47470"}],"version-history":[{"count":1,"href":"https:\/\/laultimapalabra.com.mx\/portal\/wp-json\/wp\/v2\/posts\/47470\/revisions"}],"predecessor-version":[{"id":47473,"href":"https:\/\/laultimapalabra.com.mx\/portal\/wp-json\/wp\/v2\/posts\/47470\/revisions\/47473"}],"wp:featuredmedia":[{"embeddable":true,"href":"https:\/\/laultimapalabra.com.mx\/portal\/wp-json\/wp\/v2\/media\/47472"}],"wp:attachment":[{"href":"https:\/\/laultimapalabra.com.mx\/portal\/wp-json\/wp\/v2\/media?parent=47470"}],"wp:term":[{"taxonomy":"category","embeddable":true,"href":"https:\/\/laultimapalabra.com.mx\/portal\/wp-json\/wp\/v2\/categories?post=47470"},{"taxonomy":"post_tag","embeddable":true,"href":"https:\/\/laultimapalabra.com.mx\/portal\/wp-json\/wp\/v2\/tags?post=47470"}],"curies":[{"name":"wp","href":"https:\/\/api.w.org\/{rel}","templated":true}]}}