                       {"id":47654,"date":"2023-10-02T12:11:01","date_gmt":"2023-10-02T18:11:01","guid":{"rendered":"https:\/\/laultimapalabra.com.mx\/portal\/?p=47654"},"modified":"2023-10-02T12:11:01","modified_gmt":"2023-10-02T18:11:01","slug":"cae-escritor-mexicano-andres-roemer-es-detenido-en-jerusalen-amlo-pide-a-israel-extraditar-ademas-a-zeron","status":"publish","type":"post","link":"https:\/\/laultimapalabra.com.mx\/portal\/cae-escritor-mexicano-andres-roemer-es-detenido-en-jerusalen-amlo-pide-a-israel-extraditar-ademas-a-zeron\/","title":{"rendered":"Cae escritor mexicano  Andr\u00e9s Roemer es detenido en Jerusal\u00e9n. AMLO pide a Israel extraditar adem\u00e1s a Zer\u00f3n"},"content":{"rendered":"<p>Ciudad de M\u00e9xico.- El presidente Andr\u00e9s Manuel L\u00f3pez Obrador confirm\u00f3 esta ma\u00f1ana la detenci\u00f3n de Andr\u00e9s Roemer, escritor y ex diplom\u00e1tico mexicano, acusado de abuso sexual por decenas de mujeres y pr\u00f3fugo de la justicia, en Israel.<\/p>\n<p>El mandatario adelant\u00f3 en su conferencia de prensa, que, durante el d\u00eda, la Secretar\u00eda de Relaciones Exteriores (SRE) dar\u00e1 m\u00e1s informaci\u00f3n sobre el caso.<\/p>\n<p>\u201cS\u00ed. Hay esa informaci\u00f3n, se detuvo a esta persona en Israel y se va a extraditar. Hoy va a informar sobre este caso la Secretar\u00eda de Relaciones Exteriores \u201c, dijo el presidente.<\/p>\n<p>\u201cEste se\u00f1or [Andr\u00e9s Roemer], que est\u00e1 acusado de presuntos actos de acoso sexual y otros delitos, se fue all\u00e1 a Israel. Hoy nos informaron, que, en este caso, ya se concedi\u00f3 o se va a permitir la extradici\u00f3n\u201d, afirm\u00f3.<\/p>\n<p>L\u00f3pez Obrador tambi\u00e9n mencion\u00f3 que espera que las autoridades de ese pa\u00eds ayuden con la extradici\u00f3n de Tom\u00e1s Zer\u00f3n, por el caso Ayotzinapa.<\/p>\n<p>\u201cEsperemos que las autoridades de Israel ayuden en el caso de extradici\u00f3n del se\u00f1or [Tom\u00e1s] Zer\u00f3n, que est\u00e1 involucrado en el lamentable hecho de la desaparici\u00f3n de los j\u00f3venes de Ayotzinapa, fundamentalmente en la creaci\u00f3n de la llamada \u2018Verdad Hist\u00f3rica&#8217;\u201d, reclam\u00f3.<\/p>\n<p>Fue en febrero de 2021, cuando la bailarina Itzel Shanaas denunci\u00f3 a trav\u00e9s de un video a Andr\u00e9s Roemer por acoso sexual. Tras la acusaci\u00f3n se dieron decenas de se\u00f1alamientos similares, y al menos 10 denuncias ante la Fiscal\u00eda General de Justicia de la Ciudad de M\u00e9xico (FGJ-CdMx).<\/p>\n<p>Roemer dijo en ese mismo mes al diario espa\u00f1ol El Pa\u00eds que era v\u00edctima de un \u201clinchamiento excesivo\u201d. \u201cNunca hab\u00eda vivido un dolor tan grande [\u2026]. Ahora te linchan igual si echas un piropo que si descuartizas a una persona\u201d, afirm\u00f3. \u201cOfrezco, en nombre de muchos hombres, nuestra ignorancia en temas que tenemos trabados inconscientemente\u201d.<\/p>\n<p>As\u00ed, el pasado 11 de mayo de ese a\u00f1o, la Interpol emiti\u00f3 una ficha roja para buscar y detener al diplom\u00e1tico, acusado de citar a sus presuntas v\u00edctimas en su casa con excusas laborales para despu\u00e9s realizar tocamientos e insinuaciones y, finalmente, ofrecerles dinero.<\/p>\n<p>La situaci\u00f3n hizo huir a Roemer a Israel, por lo que la Fiscal\u00eda capitalina present\u00f3 al menos cinco solicitudes a la Fiscal\u00eda General de la Rep\u00fablica (FGR) y a la Secretar\u00eda de Relaciones Exteriores (SRE) para extradici\u00f3n del tambi\u00e9n exdiplom\u00e1tico, que hasta hoy no hab\u00eda sido pr\u00f3fugo de la justicia.<\/p>\n<p>El pasado 10 de mayo de 2022, Roemer reapareci\u00f3 en una videograbaci\u00f3n, que se difundi\u00f3 en redes sociales, en la que asegur\u00f3 que la Fiscal de la Ciudad de M\u00e9xico hab\u00eda fabricado pruebas en su contra y que s\u00f3lo ten\u00edan conocimiento de una carpeta de investigaci\u00f3n en contra del escritor.<\/p>\n<p>En el clip su equipo de abogados y \u00e9l afirmaron que han dado seguimiento a las imputaciones en su contra y \u00fanicamente ha recibido la carpeta correspondiente a una denuncia de violaci\u00f3n hecha por Montserrat Ortiz, aunque en diciembre de 2021 la asociaci\u00f3n Nosotras para ellas destac\u00f3 que ten\u00eda 10 denuncias penales por agresiones sexuales y cinco \u00f3rdenes de aprehensi\u00f3n: cuatro por violaci\u00f3n y una por abuso sexual.<\/p>\n<p>Por eso, el pasado 17 de mayo de 2022, la titular de la FGJ-CdMx, Ernestina Godoy, anunci\u00f3 que presentaron dos nuevas solicitudes de extradici\u00f3n a Israel contra el escritor y ex diplom\u00e1tico mexicano.<\/p>\n<p>La funcionaria expuso que ambas solicitudes fueron entregadas por la SRE a autoridades de Israel como petici\u00f3n complementaria para el procedimiento diplom\u00e1tico, \u201ccon lo que suman ya un total de cinco peticiones formales\u201d.<\/p>\n<p>FUENTE: SIN EMBARGO<\/p>\n<p>CR\u00c9DITOS FOTO: PROCESO<\/p>\n","protected":false},"excerpt":{"rendered":"<p>Ciudad de M\u00e9xico.- El presidente Andr\u00e9s Manuel L\u00f3pez Obrador confirm\u00f3 esta ma\u00f1ana la detenci\u00f3n de Andr\u00e9s Roemer, escritor y ex diplom\u00e1tico mexicano, acusado de abuso sexual por decenas de mujeres y pr\u00f3fugo de la justicia, en Israel. El mandatario adelant\u00f3 en su conferencia de prensa, que, durante el d\u00eda, la Secretar\u00eda de Relaciones Exteriores (SRE) [&hellip;]<\/p>\n","protected":false},"author":9,"featured_media":47655,"comment_status":"closed","ping_status":"closed","sticky":false,"template":"","format":"standard","meta":{"footnotes":""},"categories":[16],"tags":[9716,124,9715,819,9717,9566,5859,7261],"class_list":["post-47654","post","type-post","status-publish","format-standard","has-post-thumbnail","hentry","category-internacional","tag-abusosexual","tag-amlo","tag-andresroemer","tag-detenido","tag-extraditaran","tag-israel","tag-ultimas-noticias","tag-violacion"],"_links":{"self":[{"href":"https:\/\/laultimapalabra.com.mx\/portal\/wp-json\/wp\/v2\/posts\/47654","targetHints":{"allow":["GET"]}}],"collection":[{"href":"https:\/\/laultimapalabra.com.mx\/portal\/wp-json\/wp\/v2\/posts"}],"about":[{"href":"https:\/\/laultimapalabra.com.mx\/portal\/wp-json\/wp\/v2\/types\/post"}],"author":[{"embeddable":true,"href":"https:\/\/laultimapalabra.com.mx\/portal\/wp-json\/wp\/v2\/users\/9"}],"replies":[{"embeddable":true,"href":"https:\/\/laultimapalabra.com.mx\/portal\/wp-json\/wp\/v2\/comments?post=47654"}],"version-history":[{"count":1,"href":"https:\/\/laultimapalabra.com.mx\/portal\/wp-json\/wp\/v2\/posts\/47654\/revisions"}],"predecessor-version":[{"id":47656,"href":"https:\/\/laultimapalabra.com.mx\/portal\/wp-json\/wp\/v2\/posts\/47654\/revisions\/47656"}],"wp:featuredmedia":[{"embeddable":true,"href":"https:\/\/laultimapalabra.com.mx\/portal\/wp-json\/wp\/v2\/media\/47655"}],"wp:attachment":[{"href":"https:\/\/laultimapalabra.com.mx\/portal\/wp-json\/wp\/v2\/media?parent=47654"}],"wp:term":[{"taxonomy":"category","embeddable":true,"href":"https:\/\/laultimapalabra.com.mx\/portal\/wp-json\/wp\/v2\/categories?post=47654"},{"taxonomy":"post_tag","embeddable":true,"href":"https:\/\/laultimapalabra.com.mx\/portal\/wp-json\/wp\/v2\/tags?post=47654"}],"curies":[{"name":"wp","href":"https:\/\/api.w.org\/{rel}","templated":true}]}}