                       {"id":47662,"date":"2023-10-02T12:43:01","date_gmt":"2023-10-02T18:43:01","guid":{"rendered":"https:\/\/laultimapalabra.com.mx\/portal\/?p=47662"},"modified":"2023-10-02T12:43:01","modified_gmt":"2023-10-02T18:43:01","slug":"interpone-samuel-garcia-juicio-ante-tepjf-por-candidatura-presidencial","status":"publish","type":"post","link":"https:\/\/laultimapalabra.com.mx\/portal\/interpone-samuel-garcia-juicio-ante-tepjf-por-candidatura-presidencial\/","title":{"rendered":"Interpone Samuel Garc\u00eda juicio ante TEPJF por candidatura presidencial"},"content":{"rendered":"<p>Aunque todav\u00eda no hay una solicitud de licencia para dejar el cargo ni una negativa formal de la misma, el gobernador de Nuevo Le\u00f3n, Samuel Garc\u00eda, interpuso un juicio ante el Tribunal Electoral del Poder Judicial de la Federaci\u00f3n (TEPJF) en contra de esa posibilidad que le impedir\u00eda contender en su partido (Movimiento Ciudadano) por la candidatura presidencial.<\/p>\n<p>El asunto toc\u00f3 &#8211; por sistema de turno aleatorio- a la magistrada M\u00f3nica Soto, y el registro del expediente fue publicado en la p\u00e1gina electr\u00f3nica del TEPJF.<\/p>\n<p>Los legisladores locales, opositores a Garc\u00eda, han se\u00f1alado &#8211; en expresiones p\u00fablicas- que la Constituci\u00f3n de Nuevo Le\u00f3n establece que el cargo de gobernador s\u00f3lo es renunciable por causa grave que calificar\u00e1 el Congreso local.<\/p>\n<p>En la ficha t\u00e9cnica del TEPJF se indica que fue abierto el expediente SUP-JDC-00457\/2023.<\/p>\n<p>En el documento de apertura se lee:<\/p>\n<p>\u201c(Samuel Garc\u00eda) Presenta escrito de demanda y anexos relativos al Juicio para la Protecci\u00f3n de los Derechos Pol\u00edtico-Electorales del Ciudadano, quien controvierte la declaraci\u00f3n de interpretaci\u00f3n de la normativa del estado de Nuevo Le\u00f3n, en el sentido de la negativa en concederle licencia al ahora recurrente para poder competir en la selecci\u00f3n interna del Partido Movimiento Ciudadano en la elecci\u00f3n a la candidatura para el cargo de presidente de los Estados Unidos Mexicanos\u201d.<\/p>\n<p>La base argumentativa del inconforme, y que lo motiva a llevar el asunto al TEPJF es la siguiente:<\/p>\n<p>\u201cEl actor refiere que presenta juicio para la ciudadan\u00eda, en v\u00eda, directa y excepcional, de acci\u00f3n declarativa, y ante la urgencia, la inescindible y consecuente tutela de mis derechos, al ser la \u00fanica instancia judicial para conocer de temas vinculados a la elecci\u00f3n de presidente, respecto de la concesi\u00f3n de la licencia (revisar si es v\u00e1lido el otorgamiento), el tipo de licencia (temporal), y los efectos inherentes de la misma (a partir de cu\u00e1ndo, que se respeten las condiciones inherentes a la misma, como que no pueden nombrar a otro gobernador como si \u00e9l hubiera renunciado, y el derecho a su posible reincorporaci\u00f3n)\u201d.<\/p>\n<p>En ese contexto, la magistrada Soto elaborar\u00e1 el proyecto de sentencia que en su momento ser\u00e1 puesto a consideraci\u00f3n del pleno de la Sala Superior del TEPJF cuyas resoluciones son definitivas e inapelables.<\/p>\n<p>FUENTE:LA JORNADA<\/p>\n<p>Cr\u00e9ditos foto: MILENIO<\/p>\n<p>&nbsp;<\/p>\n","protected":false},"excerpt":{"rendered":"<p>Aunque todav\u00eda no hay una solicitud de licencia para dejar el cargo ni una negativa formal de la misma, el gobernador de Nuevo Le\u00f3n, Samuel Garc\u00eda, interpuso un juicio ante el Tribunal Electoral del Poder Judicial de la Federaci\u00f3n (TEPJF) en contra de esa posibilidad que le impedir\u00eda contender en su partido (Movimiento Ciudadano) por [&hellip;]<\/p>\n","protected":false},"author":9,"featured_media":47664,"comment_status":"closed","ping_status":"closed","sticky":false,"template":"","format":"standard","meta":{"footnotes":""},"categories":[15],"tags":[9719,9720,5037,9721,5859],"class_list":["post-47662","post","type-post","status-publish","format-standard","has-post-thumbnail","hentry","category-estado","tag-candidaturapresidencial","tag-interponejuicio","tag-samuelgarcia","tag-tepjf","tag-ultimas-noticias"],"_links":{"self":[{"href":"https:\/\/laultimapalabra.com.mx\/portal\/wp-json\/wp\/v2\/posts\/47662","targetHints":{"allow":["GET"]}}],"collection":[{"href":"https:\/\/laultimapalabra.com.mx\/portal\/wp-json\/wp\/v2\/posts"}],"about":[{"href":"https:\/\/laultimapalabra.com.mx\/portal\/wp-json\/wp\/v2\/types\/post"}],"author":[{"embeddable":true,"href":"https:\/\/laultimapalabra.com.mx\/portal\/wp-json\/wp\/v2\/users\/9"}],"replies":[{"embeddable":true,"href":"https:\/\/laultimapalabra.com.mx\/portal\/wp-json\/wp\/v2\/comments?post=47662"}],"version-history":[{"count":1,"href":"https:\/\/laultimapalabra.com.mx\/portal\/wp-json\/wp\/v2\/posts\/47662\/revisions"}],"predecessor-version":[{"id":47665,"href":"https:\/\/laultimapalabra.com.mx\/portal\/wp-json\/wp\/v2\/posts\/47662\/revisions\/47665"}],"wp:featuredmedia":[{"embeddable":true,"href":"https:\/\/laultimapalabra.com.mx\/portal\/wp-json\/wp\/v2\/media\/47664"}],"wp:attachment":[{"href":"https:\/\/laultimapalabra.com.mx\/portal\/wp-json\/wp\/v2\/media?parent=47662"}],"wp:term":[{"taxonomy":"category","embeddable":true,"href":"https:\/\/laultimapalabra.com.mx\/portal\/wp-json\/wp\/v2\/categories?post=47662"},{"taxonomy":"post_tag","embeddable":true,"href":"https:\/\/laultimapalabra.com.mx\/portal\/wp-json\/wp\/v2\/tags?post=47662"}],"curies":[{"name":"wp","href":"https:\/\/api.w.org\/{rel}","templated":true}]}}