                       {"id":4802,"date":"2018-11-23T01:21:01","date_gmt":"2018-11-23T01:21:01","guid":{"rendered":"http:\/\/laultimapalabra.info\/?p=4802"},"modified":"2024-12-11T08:53:24","modified_gmt":"2024-12-11T14:53:24","slug":"regresara-f-civil-policia-a-municipio","status":"publish","type":"post","link":"https:\/\/laultimapalabra.com.mx\/portal\/regresara-f-civil-policia-a-municipio\/","title":{"rendered":"Regresar\u00e1 F. Civil polic\u00eda a Municipio"},"content":{"rendered":"<p style=\"text-align: justify;\"><img loading=\"lazy\" decoding=\"async\" class=\"size-medium wp-image-4803 alignright\" src=\"https:\/\/laultimapalabra.com.mx\/portal\/wp-content\/uploads\/2018\/11\/1-21-300x136.jpg\" alt=\"\" width=\"300\" height=\"136\" \/>*Tomar\u00e1 Cadereyta mando, pero continuar\u00e1 Fuerza Civil como apoyo.<\/p>\n<p style=\"text-align: justify;\">Miguel Oscar P\u00e9rez<br \/>\nCADEREYTA JIM\u00c9NEZ, N.L.-<br \/>\n\u201cYa se vence el plazo el pr\u00f3ximo primero de diciembre la intervenci\u00f3n de polic\u00eda Fuerza Civil y todo indica que volvemos a agarrar el mando de la polic\u00eda aqu\u00ed en Cadereyta\u201d, anunci\u00f3 el alcalde Ernesto Quintanilla a los medios de comunicaci\u00f3n en rueda de prensa.<br \/>\nMencion\u00f3 que actualmente se est\u00e1 evaluando a los elementos de Seguridad P\u00fablica Municipal, adem\u00e1s de la pr\u00e1ctica de Control y confianza, para poder regresar el mando de la polic\u00eda.<br \/>\nMencion\u00f3 que primeramente se hab\u00eda establecido que al regresar el mando de la polic\u00eda a la autoridad municipal, se ir\u00eda integrando paulatinamente los preventivos jimenenses y as\u00ed poco a poco Fuerza Civil, fuera saliendo de esta ciudad.<br \/>\nExplic\u00f3 adem\u00e1s en la conferencia realizada en la antigua sala de cabildo a las 15:00 horas de ayer, que en una charla con el nuevo secretario de Seguridad P\u00fablica, que hubo un cambio de planes a solicitud suya.<br \/>\n\u201cYo le dije personalmente al licenciado Aldo Fasci y al Gobernador, que necesitamos a Fuerza Civil en Cadereyta, la cantidad de polic\u00edas que tenemos no vamos a poder controlar todo nuestro municipio\u201d, explic\u00f3 Quintanilla Villarreal.<br \/>\nDijo que tentativamente tendr\u00e1 una reuni\u00f3n la pr\u00f3xima semana para ver la situaci\u00f3n de seguridad en el \u00e1rea rural y el casco de la ciudad y Valle del Roble.<br \/>\nAbund\u00f3 que si se requiere mayor seguridad en Cadereyta, se tiene que tener una coordinaci\u00f3n con Fuerza Civil, el Ej\u00e9rcito, polic\u00eda Ministerial.<br \/>\nMencion\u00f3 adem\u00e1s que con la supervisi\u00f3n de Fuerza Civil, los polic\u00edas preventivos de Cadereyta, han logrado mucho en cuanto a seguridad se refiere, al detener a varios ladrones, de autos y a casa habitaci\u00f3n.<br \/>\n\u201cPor eso vuelvo a insistir, que necesitamos la cooperaci\u00f3n y la coordinaci\u00f3n con el estado y la federaci\u00f3n\u201d, concluy\u00f3.<\/p>\n","protected":false},"excerpt":{"rendered":"<p>*Tomar\u00e1 Cadereyta mando, pero continuar\u00e1 Fuerza Civil como apoyo. Miguel Oscar P\u00e9rez CADEREYTA JIM\u00c9NEZ, N.L.- \u201cYa se vence el plazo el pr\u00f3ximo primero de diciembre la intervenci\u00f3n de polic\u00eda Fuerza Civil y todo indica que volvemos a agarrar el mando de la polic\u00eda aqu\u00ed en Cadereyta\u201d, anunci\u00f3 el alcalde Ernesto Quintanilla a los medios de [&hellip;]<\/p>\n","protected":false},"author":9,"featured_media":4804,"comment_status":"open","ping_status":"closed","sticky":false,"template":"","format":"standard","meta":{"footnotes":""},"categories":[17],"tags":[1110,1812],"class_list":["post-4802","post","type-post","status-publish","format-standard","has-post-thumbnail","hentry","category-locales-cadereyta","tag-fuerza-civil","tag-policia-municipal-cadereyta"],"_links":{"self":[{"href":"https:\/\/laultimapalabra.com.mx\/portal\/wp-json\/wp\/v2\/posts\/4802","targetHints":{"allow":["GET"]}}],"collection":[{"href":"https:\/\/laultimapalabra.com.mx\/portal\/wp-json\/wp\/v2\/posts"}],"about":[{"href":"https:\/\/laultimapalabra.com.mx\/portal\/wp-json\/wp\/v2\/types\/post"}],"author":[{"embeddable":true,"href":"https:\/\/laultimapalabra.com.mx\/portal\/wp-json\/wp\/v2\/users\/9"}],"replies":[{"embeddable":true,"href":"https:\/\/laultimapalabra.com.mx\/portal\/wp-json\/wp\/v2\/comments?post=4802"}],"version-history":[{"count":1,"href":"https:\/\/laultimapalabra.com.mx\/portal\/wp-json\/wp\/v2\/posts\/4802\/revisions"}],"predecessor-version":[{"id":65606,"href":"https:\/\/laultimapalabra.com.mx\/portal\/wp-json\/wp\/v2\/posts\/4802\/revisions\/65606"}],"wp:featuredmedia":[{"embeddable":true,"href":"https:\/\/laultimapalabra.com.mx\/portal\/wp-json\/"}],"wp:attachment":[{"href":"https:\/\/laultimapalabra.com.mx\/portal\/wp-json\/wp\/v2\/media?parent=4802"}],"wp:term":[{"taxonomy":"category","embeddable":true,"href":"https:\/\/laultimapalabra.com.mx\/portal\/wp-json\/wp\/v2\/categories?post=4802"},{"taxonomy":"post_tag","embeddable":true,"href":"https:\/\/laultimapalabra.com.mx\/portal\/wp-json\/wp\/v2\/tags?post=4802"}],"curies":[{"name":"wp","href":"https:\/\/api.w.org\/{rel}","templated":true}]}}