                       {"id":48105,"date":"2023-10-09T12:06:52","date_gmt":"2023-10-09T18:06:52","guid":{"rendered":"https:\/\/laultimapalabra.com.mx\/portal\/?p=48105"},"modified":"2023-10-09T12:06:52","modified_gmt":"2023-10-09T18:06:52","slug":"enviara-mexico-avion-a-israel-para-repatriar-connacionales-varados","status":"publish","type":"post","link":"https:\/\/laultimapalabra.com.mx\/portal\/enviara-mexico-avion-a-israel-para-repatriar-connacionales-varados\/","title":{"rendered":"Enviar\u00e1 M\u00e9xico avi\u00f3n a Israel para repatriar connacionales varados"},"content":{"rendered":"<p>Ciudad de M\u00e9xico. El gobierno de M\u00e9xico enviar\u00e1 a Israel un avi\u00f3n de la Fuerza A\u00e9rea Mexicana (FAM) para ayudar a repatriar a los connacionales que se encuentran varados en ese pa\u00eds a causa del conflicto con Palestina.<\/p>\n<p>La delegaci\u00f3n mexicana es encabezada por Adriana Soto, titular de la a direcci\u00f3n general de protecci\u00f3n consular de la Secretar\u00eda de Relaciones Exteriores (SRE).<\/p>\n<p>El avi\u00f3n de la FAM, matr\u00edcula 3528, est\u00e1 siendo cargado con la ayuda humanitaria en la Terminal Militar de Pasajeros de AIFA y se espera que parta antes de las 9:00 horas.<\/p>\n<p>La Sedena inform\u00f3 que en este vuelo se espera repatriar a 142 connacionales, entre ellos a siete atletas, cuatro de ellas pertenecientes al Ej\u00e9rcito Mexicano.<\/p>\n<p>La ruta a seguir ser\u00e1 hacer una primera escala en Gander, Canad\u00e1; de ah\u00ed al aeropuerto de Lander, Irlanda; Anatolia, Turqu\u00eda y finalmente Tel-Aviv, Israel.<\/p>\n<p>La Secretar\u00eda de la Defensa Nacional (Sedena) inform\u00f3 que el vuelo llevar\u00e1 tambi\u00e9n ayuda humanitaria para auxiliar a la poblaci\u00f3n civil afectada por estos enfrentamientos.<\/p>\n<p>Se trata de uno de los Boeing 737-800 de la FAM, similar al que se envi\u00f3 a Ucrania en febrero del a\u00f1o pasado.<\/p>\n<p>FUENTE: LA JORNADA<\/p>\n<p>CR\u00c9DITOS FOTO: LA JORNADA<\/p>\n<p>&nbsp;<\/p>\n","protected":false},"excerpt":{"rendered":"<p>Ciudad de M\u00e9xico. El gobierno de M\u00e9xico enviar\u00e1 a Israel un avi\u00f3n de la Fuerza A\u00e9rea Mexicana (FAM) para ayudar a repatriar a los connacionales que se encuentran varados en ese pa\u00eds a causa del conflicto con Palestina. La delegaci\u00f3n mexicana es encabezada por Adriana Soto, titular de la a direcci\u00f3n general de protecci\u00f3n consular [&hellip;]<\/p>\n","protected":false},"author":9,"featured_media":48106,"comment_status":"closed","ping_status":"closed","sticky":false,"template":"","format":"standard","meta":{"footnotes":""},"categories":[19],"tags":[124,9881,9885,9883,9884,4269,9882,5859],"class_list":["post-48105","post","type-post","status-publish","format-standard","has-post-thumbnail","hentry","category-nacional","tag-amlo","tag-avionfam","tag-ayudahumanitaria","tag-guerramediooriente","tag-matricula3528","tag-mexico","tag-rescatedemexicanosenisrael","tag-ultimas-noticias"],"_links":{"self":[{"href":"https:\/\/laultimapalabra.com.mx\/portal\/wp-json\/wp\/v2\/posts\/48105","targetHints":{"allow":["GET"]}}],"collection":[{"href":"https:\/\/laultimapalabra.com.mx\/portal\/wp-json\/wp\/v2\/posts"}],"about":[{"href":"https:\/\/laultimapalabra.com.mx\/portal\/wp-json\/wp\/v2\/types\/post"}],"author":[{"embeddable":true,"href":"https:\/\/laultimapalabra.com.mx\/portal\/wp-json\/wp\/v2\/users\/9"}],"replies":[{"embeddable":true,"href":"https:\/\/laultimapalabra.com.mx\/portal\/wp-json\/wp\/v2\/comments?post=48105"}],"version-history":[{"count":1,"href":"https:\/\/laultimapalabra.com.mx\/portal\/wp-json\/wp\/v2\/posts\/48105\/revisions"}],"predecessor-version":[{"id":48107,"href":"https:\/\/laultimapalabra.com.mx\/portal\/wp-json\/wp\/v2\/posts\/48105\/revisions\/48107"}],"wp:featuredmedia":[{"embeddable":true,"href":"https:\/\/laultimapalabra.com.mx\/portal\/wp-json\/wp\/v2\/media\/48106"}],"wp:attachment":[{"href":"https:\/\/laultimapalabra.com.mx\/portal\/wp-json\/wp\/v2\/media?parent=48105"}],"wp:term":[{"taxonomy":"category","embeddable":true,"href":"https:\/\/laultimapalabra.com.mx\/portal\/wp-json\/wp\/v2\/categories?post=48105"},{"taxonomy":"post_tag","embeddable":true,"href":"https:\/\/laultimapalabra.com.mx\/portal\/wp-json\/wp\/v2\/tags?post=48105"}],"curies":[{"name":"wp","href":"https:\/\/api.w.org\/{rel}","templated":true}]}}