                       {"id":48117,"date":"2023-10-09T12:17:56","date_gmt":"2023-10-09T18:17:56","guid":{"rendered":"https:\/\/laultimapalabra.com.mx\/portal\/?p=48117"},"modified":"2023-10-09T12:18:11","modified_gmt":"2023-10-09T18:18:11","slug":"la-mitad-del-pais-no-me-conoce-admite-xochitl-galvez","status":"publish","type":"post","link":"https:\/\/laultimapalabra.com.mx\/portal\/la-mitad-del-pais-no-me-conoce-admite-xochitl-galvez\/","title":{"rendered":"La mitad del pa\u00eds no me conoce, admite X\u00f3chitl G\u00e1lvez"},"content":{"rendered":"<p>X\u00f3chitl G\u00e1lvez durante el evento Di\u00e1logoX Ciudadanos con X\u00f3chitl G\u00e1lvez convocado por el colectivo UNID@S en el World Trade Center, en la Ciudad de M\u00e9xico, el 8 de octubre de 2023. Foto Pablo Ramos<\/p>\n<p>CDMX. &#8211; X\u00f3chitl G\u00e1lvez admiti\u00f3 que la mitad del pa\u00eds no la conoce y eso se refleja en su posici\u00f3n abajo en los sondeos de opini\u00f3n. Sin embargo, dijo en un \u201cdi\u00e1logo ciudadano\u201d organizado por Unidos que conduce Claudio X. Gonz\u00e1lez, los resultados de la elecci\u00f3n presidencial ser\u00e1n en julio del a\u00f1o pr\u00f3ximo.<\/p>\n<p>\u201cQue los encuestadores no se adelanten. No coman ansias de conocer resultados antes de tiempo\u201d, dijo.<\/p>\n<p>En un encuentro en el World Trade Center -al que acudieron los dirigentes del PAN y PRD, Marko Cort\u00e9s y Jes\u00fas Zambrano- expres\u00f3 a sus simpatizantes: \u201cNo se preocupen si vamos 30 puntos abajo. El 50 por ciento del pa\u00eds no me conoce y me van a conocer bien. Esa es la clave\u201d.<\/p>\n<p>La senadora panista revel\u00f3 que acudi\u00f3 con desconfianza a un encuentro el lunes con los tres partidos que integran el Frente Amplio por M\u00e9xico, para discutir un acuerdo rumbo al inicio de la precampa\u00f1a y la campa\u00f1a presidencial.<\/p>\n<p>\u201cLos partidos han sido muy generosos. Luego les digo c\u00f3mo. Nos reunimos el lunes y llegamos a acuerdos para este frente. Iba con dudas y sal\u00ed super contenta\u201d, dijo.<\/p>\n<p>Al respecto, Cort\u00e9s dijo que en la reuni\u00f3n \u201cse nos presentaron ideas, conceptos de lo que ser\u00e1n las etapas de su proceso de comunicaci\u00f3n, los estudios que se han hecho, lo que la gente ve y valora. Estamos trabajando, planeando, haciendo la estrategia para poder salir con toda fuerza\u201d.<\/p>\n<p>Neg\u00f3 que G\u00e1lvez se est\u00e9 \u201cdesinflando\u201d seg\u00fan se refleja en algunas encuestas.<\/p>\n<p>Por otro lado, la virtual candidata presidencial del Frente Amplio por M\u00e9xico, llam\u00f3 al gobierno de M\u00e9xico a \u201chacer lo necesario\u201d para brindar seguridad a los mexicanos que se encuentran en Israel.<\/p>\n<p>Despu\u00e9s de que el gobierno de M\u00e9xico confirm\u00f3 que dos mexicanos fueron presuntamente tomados como retenes por Ham\u00e1s, la senadora por el PAN expres\u00f3 su solidaridad con las familias.<\/p>\n<p>\u201cEl @GobiernoMX tiene que hacer lo necesario para que est\u00e9n a salvo y brindar plena seguridad a todos nuestros compatriotas en la regi\u00f3n\u201d, dijo en un breve mensaje en su cuenta en la red social X.<\/p>\n<p>FUENTE: LA JORNADA<\/p>\n<p>CR\u00c9DITOS FOTO: PLABLO RAMOS \/ LA JORNADA<\/p>\n<p>&nbsp;<\/p>\n","protected":false},"excerpt":{"rendered":"<p>X\u00f3chitl G\u00e1lvez durante el evento Di\u00e1logoX Ciudadanos con X\u00f3chitl G\u00e1lvez convocado por el colectivo UNID@S en el World Trade Center, en la Ciudad de M\u00e9xico, el 8 de octubre de 2023. Foto Pablo Ramos CDMX. &#8211; X\u00f3chitl G\u00e1lvez admiti\u00f3 que la mitad del pa\u00eds no la conoce y eso se refleja en su posici\u00f3n abajo [&hellip;]<\/p>\n","protected":false},"author":9,"featured_media":48118,"comment_status":"closed","ping_status":"closed","sticky":false,"template":"","format":"standard","meta":{"footnotes":""},"categories":[19],"tags":[9890,9889,9324,5859,8346],"class_list":["post-48117","post","type-post","status-publish","format-standard","has-post-thumbnail","hentry","category-nacional","tag-claudiox-gonzalez","tag-el50lpaisnomeconoce","tag-frenteampliopormexico","tag-ultimas-noticias","tag-xochitlgalvez"],"_links":{"self":[{"href":"https:\/\/laultimapalabra.com.mx\/portal\/wp-json\/wp\/v2\/posts\/48117","targetHints":{"allow":["GET"]}}],"collection":[{"href":"https:\/\/laultimapalabra.com.mx\/portal\/wp-json\/wp\/v2\/posts"}],"about":[{"href":"https:\/\/laultimapalabra.com.mx\/portal\/wp-json\/wp\/v2\/types\/post"}],"author":[{"embeddable":true,"href":"https:\/\/laultimapalabra.com.mx\/portal\/wp-json\/wp\/v2\/users\/9"}],"replies":[{"embeddable":true,"href":"https:\/\/laultimapalabra.com.mx\/portal\/wp-json\/wp\/v2\/comments?post=48117"}],"version-history":[{"count":2,"href":"https:\/\/laultimapalabra.com.mx\/portal\/wp-json\/wp\/v2\/posts\/48117\/revisions"}],"predecessor-version":[{"id":48120,"href":"https:\/\/laultimapalabra.com.mx\/portal\/wp-json\/wp\/v2\/posts\/48117\/revisions\/48120"}],"wp:featuredmedia":[{"embeddable":true,"href":"https:\/\/laultimapalabra.com.mx\/portal\/wp-json\/wp\/v2\/media\/48118"}],"wp:attachment":[{"href":"https:\/\/laultimapalabra.com.mx\/portal\/wp-json\/wp\/v2\/media?parent=48117"}],"wp:term":[{"taxonomy":"category","embeddable":true,"href":"https:\/\/laultimapalabra.com.mx\/portal\/wp-json\/wp\/v2\/categories?post=48117"},{"taxonomy":"post_tag","embeddable":true,"href":"https:\/\/laultimapalabra.com.mx\/portal\/wp-json\/wp\/v2\/tags?post=48117"}],"curies":[{"name":"wp","href":"https:\/\/api.w.org\/{rel}","templated":true}]}}