                       {"id":48465,"date":"2023-10-16T11:52:59","date_gmt":"2023-10-16T17:52:59","guid":{"rendered":"https:\/\/laultimapalabra.com.mx\/portal\/?p=48465"},"modified":"2023-10-16T11:53:11","modified_gmt":"2023-10-16T17:53:11","slug":"captan-a-conductor-circular-en-contra-por-la-carretera-nacional","status":"publish","type":"post","link":"https:\/\/laultimapalabra.com.mx\/portal\/captan-a-conductor-circular-en-contra-por-la-carretera-nacional\/","title":{"rendered":"Captan a conductor circular en contra por la Carretera Nacional"},"content":{"rendered":"<p>El conductor de un veh\u00edculo fue captado circulando en sentido contrario en plena Carretera Nacional, a la altura del municipio de Santiago.<\/p>\n<p>Las im\u00e1genes, grabadas durante la madrugada del domingo por otros automovilistas, muestran como la unidad viaja a alta velocidad y con las luces apagadas.<\/p>\n<p>Circulando principalmente sobre el carril derecho en direcci\u00f3n hac\u00eda Monterrey, el conductor es esquivado en m\u00faltiples ocasiones.<\/p>\n<p>As\u00ed mismo, en la grabaci\u00f3n se escucha como otros autom\u00f3viles hacen sonar el claxon para advertir sobre el riesgo tanto al responsable como a otros.<\/p>\n<p>En al menos dos ocasiones, la unidad en contra pasa a escasos cent\u00edmetros de veh\u00edculos pesados como semirremolques y dem\u00e1s transporte de carga.<\/p>\n<p>Se aprecia que el infractor circula a bordo de un Honda City en color gris, y que el episodio ocurri\u00f3 a la altura de El \u00c1lamo.<\/p>\n<p>Las im\u00e1genes fueron compartidas en redes sociales y r\u00e1pidamente generaron indignaci\u00f3n por el riesgo de las maniobras, y despertaron criticar hac\u00eda el responsable.<\/p>\n<p>FUENTE: EL HORIZONTE<\/p>\n<p>Cr\u00e9ditos foto: el horizonte<\/p>\n","protected":false},"excerpt":{"rendered":"<p>El conductor de un veh\u00edculo fue captado circulando en sentido contrario en plena Carretera Nacional, a la altura del municipio de Santiago. Las im\u00e1genes, grabadas durante la madrugada del domingo por otros automovilistas, muestran como la unidad viaja a alta velocidad y con las luces apagadas. Circulando principalmente sobre el carril derecho en direcci\u00f3n hac\u00eda [&hellip;]<\/p>\n","protected":false},"author":9,"featured_media":48466,"comment_status":"closed","ping_status":"closed","sticky":false,"template":"","format":"standard","meta":{"footnotes":""},"categories":[15],"tags":[10025,10024,10026,5859],"class_list":["post-48465","post","type-post","status-publish","format-standard","has-post-thumbnail","hentry","category-estado","tag-carreteranacional-monterrey","tag-circulaensentidocontrario","tag-santiagonl","tag-ultimas-noticias"],"_links":{"self":[{"href":"https:\/\/laultimapalabra.com.mx\/portal\/wp-json\/wp\/v2\/posts\/48465","targetHints":{"allow":["GET"]}}],"collection":[{"href":"https:\/\/laultimapalabra.com.mx\/portal\/wp-json\/wp\/v2\/posts"}],"about":[{"href":"https:\/\/laultimapalabra.com.mx\/portal\/wp-json\/wp\/v2\/types\/post"}],"author":[{"embeddable":true,"href":"https:\/\/laultimapalabra.com.mx\/portal\/wp-json\/wp\/v2\/users\/9"}],"replies":[{"embeddable":true,"href":"https:\/\/laultimapalabra.com.mx\/portal\/wp-json\/wp\/v2\/comments?post=48465"}],"version-history":[{"count":2,"href":"https:\/\/laultimapalabra.com.mx\/portal\/wp-json\/wp\/v2\/posts\/48465\/revisions"}],"predecessor-version":[{"id":48468,"href":"https:\/\/laultimapalabra.com.mx\/portal\/wp-json\/wp\/v2\/posts\/48465\/revisions\/48468"}],"wp:featuredmedia":[{"embeddable":true,"href":"https:\/\/laultimapalabra.com.mx\/portal\/wp-json\/wp\/v2\/media\/48466"}],"wp:attachment":[{"href":"https:\/\/laultimapalabra.com.mx\/portal\/wp-json\/wp\/v2\/media?parent=48465"}],"wp:term":[{"taxonomy":"category","embeddable":true,"href":"https:\/\/laultimapalabra.com.mx\/portal\/wp-json\/wp\/v2\/categories?post=48465"},{"taxonomy":"post_tag","embeddable":true,"href":"https:\/\/laultimapalabra.com.mx\/portal\/wp-json\/wp\/v2\/tags?post=48465"}],"curies":[{"name":"wp","href":"https:\/\/api.w.org\/{rel}","templated":true}]}}