                       {"id":48509,"date":"2023-10-16T19:33:44","date_gmt":"2023-10-17T01:33:44","guid":{"rendered":"https:\/\/laultimapalabra.com.mx\/portal\/?p=48509"},"modified":"2023-10-16T19:35:03","modified_gmt":"2023-10-17T01:35:03","slug":"deja-dos-lesionados-choque-frontal","status":"publish","type":"post","link":"https:\/\/laultimapalabra.com.mx\/portal\/deja-dos-lesionados-choque-frontal\/","title":{"rendered":"Deja dos lesionados choque frontal"},"content":{"rendered":"\n<p>Cadereyta Jim\u00e9nez, N.L.-La tarde de este lunes, un choque frontal entre dos veh\u00edculos, dej\u00f3 como saldo dos personas lesionadas en el municipio de Cadereyta.<br>El aparatoso percance se registr\u00f3 en la carretera Cadereyta-Allende en el kil\u00f3metro cinco a la altura de El Puerto.<br>Hasta el momento se desconoce el motivo del choque en el que particip\u00f3 un Toyota Camry de color plata y un veh\u00edculo en color guindo.<br>Param\u00e9dicos de Servicios de Emergencia Cadereyta, trasladaron a las personas lesionadas a la cl\u00ednica 14 del IMSS.<br>Elementos de La Polic\u00eda Municipal y Tr\u00e1nsito apoyaron abanderando el sitio mientras fueron atendidas las personas.<\/p>\n","protected":false},"excerpt":{"rendered":"<p>Cadereyta Jim\u00e9nez, N.L.-La tarde de este lunes, un choque frontal entre dos veh\u00edculos, dej\u00f3 como saldo dos personas lesionadas en el municipio de Cadereyta.El aparatoso percance se registr\u00f3 en la carretera Cadereyta-Allende en el kil\u00f3metro cinco a la altura de El Puerto.Hasta el momento se desconoce el motivo del choque en el que particip\u00f3 un [&hellip;]<\/p>\n","protected":false},"author":7,"featured_media":48508,"comment_status":"closed","ping_status":"closed","sticky":false,"template":"","format":"standard","meta":{"footnotes":""},"categories":[6805],"tags":[4196,3688,541,4315],"class_list":["post-48509","post","type-post","status-publish","format-standard","has-post-thumbnail","hentry","category-accidentes","tag-accidente","tag-carretera-cadereyta-allende","tag-choque","tag-lesionados"],"_links":{"self":[{"href":"https:\/\/laultimapalabra.com.mx\/portal\/wp-json\/wp\/v2\/posts\/48509","targetHints":{"allow":["GET"]}}],"collection":[{"href":"https:\/\/laultimapalabra.com.mx\/portal\/wp-json\/wp\/v2\/posts"}],"about":[{"href":"https:\/\/laultimapalabra.com.mx\/portal\/wp-json\/wp\/v2\/types\/post"}],"author":[{"embeddable":true,"href":"https:\/\/laultimapalabra.com.mx\/portal\/wp-json\/wp\/v2\/users\/7"}],"replies":[{"embeddable":true,"href":"https:\/\/laultimapalabra.com.mx\/portal\/wp-json\/wp\/v2\/comments?post=48509"}],"version-history":[{"count":1,"href":"https:\/\/laultimapalabra.com.mx\/portal\/wp-json\/wp\/v2\/posts\/48509\/revisions"}],"predecessor-version":[{"id":48510,"href":"https:\/\/laultimapalabra.com.mx\/portal\/wp-json\/wp\/v2\/posts\/48509\/revisions\/48510"}],"wp:featuredmedia":[{"embeddable":true,"href":"https:\/\/laultimapalabra.com.mx\/portal\/wp-json\/wp\/v2\/media\/48508"}],"wp:attachment":[{"href":"https:\/\/laultimapalabra.com.mx\/portal\/wp-json\/wp\/v2\/media?parent=48509"}],"wp:term":[{"taxonomy":"category","embeddable":true,"href":"https:\/\/laultimapalabra.com.mx\/portal\/wp-json\/wp\/v2\/categories?post=48509"},{"taxonomy":"post_tag","embeddable":true,"href":"https:\/\/laultimapalabra.com.mx\/portal\/wp-json\/wp\/v2\/tags?post=48509"}],"curies":[{"name":"wp","href":"https:\/\/api.w.org\/{rel}","templated":true}]}}