                       {"id":48540,"date":"2023-10-17T11:30:24","date_gmt":"2023-10-17T17:30:24","guid":{"rendered":"https:\/\/laultimapalabra.com.mx\/portal\/?p=48540"},"modified":"2023-10-17T11:30:24","modified_gmt":"2023-10-17T17:30:24","slug":"designan-a-miguel-angel-maciel-titular-en-la-sener","status":"publish","type":"post","link":"https:\/\/laultimapalabra.com.mx\/portal\/designan-a-miguel-angel-maciel-titular-en-la-sener\/","title":{"rendered":"Designan a Miguel \u00c1ngel Maciel titular en la Sener"},"content":{"rendered":"<p>Ciudad de M\u00e9xico. El presidente Andr\u00e9s Manuel L\u00f3pez Obrador design\u00f3 la tarde de ayer a Miguel \u00c1ngel Maciel Torres nuevo titular de la Secretar\u00eda de Energ\u00eda (Sener), en sustituci\u00f3n de Roc\u00edo Nahle, quien dimiti\u00f3 el viernes para buscar ser abanderada de Morena a la gubernatura de Veracruz.<\/p>\n<p>Por la ma\u00f1ana, el mandatario federal hab\u00eda anunciado tambi\u00e9n el nombramiento de Alberto Becerra \u2013quien se desempe\u00f1aba en la Ayudant\u00eda\u2013 al frente del Instituto para Devolver al Pueblo lo Robado (Indep), en sustituci\u00f3n de Ernesto Prieto, que compite por la candidatura morenista para Guanajuato.<\/p>\n<p>En la tarde, a trav\u00e9s de sus redes sociales, el jefe del Ejecutivo dio a conocer el relevo en la Sener y remarc\u00f3 que el nuevo secretario, quien era subsecretario de Hidrocarburos, cuenta con toda nuestra confianza por su honestidad y probadas convicciones en favor de la soberan\u00eda nacional.<\/p>\n<p>Previamente, a pregunta expresa, el presidente se refiri\u00f3 a Nahle como una persona de primera, tiene MB (muy bien) de calificaci\u00f3n.<\/p>\n<p>Ante los se\u00f1alamientos contra la aspirante a la gubernatura por su gesti\u00f3n para la construcci\u00f3n de la refiner\u00eda Dos Bocas y por no ser originaria de Veracruz, sino de Zacatecas, el mandatario acot\u00f3 que aun cuando faltan procesos de refinaci\u00f3n, el proyecto ya est\u00e1 produciendo.<\/p>\n<p>Se hizo en tiempo r\u00e9cord, no hay en el mundo ninguna obra que se haya hecho en cinco a\u00f1os, de esas dimensiones, con el costo que signific\u00f3 su construcci\u00f3n. No tengo m\u00e1s que agradecerle a Roc\u00edo por su trabajo.<\/p>\n<p>Record\u00f3 adem\u00e1s que, por Veracruz, Nahle fue electa en 2015 como diputada federal y para 2018 se llev\u00f3 la senadur\u00eda con casi medio mill\u00f3n de votos m\u00e1s que su contrincante.<\/p>\n<p>En tanto, al dar a conocer el nombramiento de Becerra en el Indep, el jefe del Ejecutivo se\u00f1al\u00f3 que \u00e9l mismo est\u00e1 formando cuadros para el relevo generacional en la transformaci\u00f3n.<\/p>\n<p>Es una gente de absoluta confianza de nosotros. Ha estado trabajando conmigo, para que se ahorren la nota (algunos medios), estuvo en Ayudant\u00eda, es de los j\u00f3venes que me han acompa\u00f1ado y se van formando, que los voy orientando, son como alumnos que recorren conmigo el pa\u00eds y ya despu\u00e9s de un tiempo pues ya se prueban que son honestos, que le tienen amor al pueblo, pues se les promueve.<\/p>\n<p>Con este nombramiento, ya suma una veintena de colaboradores de Ayudant\u00eda que han sido promovidos a diversos cargos dentro de la estructura federal.<\/p>\n<p>Desde el primero de enero de 2019, Maciel Torres se desempe\u00f1aba de subsecretario de Hidrocarburos en la dependencia. Es ingeniero petrolero por el Instituto Polit\u00e9cnico Nacional (IPN) y tiene una maestr\u00eda por la Universidad Nacional Aut\u00f3noma de M\u00e9xico (UNAM).<\/p>\n<p>Es jubilado de Petr\u00f3leos Mexicanos, donde labor\u00f3 32 a\u00f1os. Por tres d\u00e9cadas, en Pemex Exploraci\u00f3n y Producci\u00f3n se desempe\u00f1\u00f3 en cargos como administrador del proyecto integral Burgos, gerente de Planeaci\u00f3n Estrat\u00e9gica, gerente del proyecto de desarrollo Lakach y subdirector de Desarrollo de Campos. Tambi\u00e9n colabor\u00f3 en la Direcci\u00f3n Corporativa de Alianzas y Nuevos Negocios.<\/p>\n<p>Tambi\u00e9n es miembro del Colegio de Ingenieros Petroleros de M\u00e9xico, de la Asociaci\u00f3n de Ingenieros Petroleros de M\u00e9xico, y de la Society of Petroleum Engineers en la secci\u00f3n M\u00e9xico.<\/p>\n<p>FUENTE: LA JORNADA<\/p>\n<p>CR\u00c9DITOS FOTO: LA JORNADA<\/p>\n<p>&nbsp;<\/p>\n","protected":false},"excerpt":{"rendered":"<p>Ciudad de M\u00e9xico. El presidente Andr\u00e9s Manuel L\u00f3pez Obrador design\u00f3 la tarde de ayer a Miguel \u00c1ngel Maciel Torres nuevo titular de la Secretar\u00eda de Energ\u00eda (Sener), en sustituci\u00f3n de Roc\u00edo Nahle, quien dimiti\u00f3 el viernes para buscar ser abanderada de Morena a la gubernatura de Veracruz. Por la ma\u00f1ana, el mandatario federal hab\u00eda anunciado [&hellip;]<\/p>\n","protected":false},"author":9,"featured_media":48541,"comment_status":"closed","ping_status":"closed","sticky":false,"template":"","format":"standard","meta":{"footnotes":""},"categories":[19],"tags":[124,10049,10048,10047,5859],"class_list":["post-48540","post","type-post","status-publish","format-standard","has-post-thumbnail","hentry","category-nacional","tag-amlo","tag-jubiladodepemex","tag-miguelangelmaciel","tag-secretariodeenergia","tag-ultimas-noticias"],"_links":{"self":[{"href":"https:\/\/laultimapalabra.com.mx\/portal\/wp-json\/wp\/v2\/posts\/48540","targetHints":{"allow":["GET"]}}],"collection":[{"href":"https:\/\/laultimapalabra.com.mx\/portal\/wp-json\/wp\/v2\/posts"}],"about":[{"href":"https:\/\/laultimapalabra.com.mx\/portal\/wp-json\/wp\/v2\/types\/post"}],"author":[{"embeddable":true,"href":"https:\/\/laultimapalabra.com.mx\/portal\/wp-json\/wp\/v2\/users\/9"}],"replies":[{"embeddable":true,"href":"https:\/\/laultimapalabra.com.mx\/portal\/wp-json\/wp\/v2\/comments?post=48540"}],"version-history":[{"count":1,"href":"https:\/\/laultimapalabra.com.mx\/portal\/wp-json\/wp\/v2\/posts\/48540\/revisions"}],"predecessor-version":[{"id":48542,"href":"https:\/\/laultimapalabra.com.mx\/portal\/wp-json\/wp\/v2\/posts\/48540\/revisions\/48542"}],"wp:featuredmedia":[{"embeddable":true,"href":"https:\/\/laultimapalabra.com.mx\/portal\/wp-json\/wp\/v2\/media\/48541"}],"wp:attachment":[{"href":"https:\/\/laultimapalabra.com.mx\/portal\/wp-json\/wp\/v2\/media?parent=48540"}],"wp:term":[{"taxonomy":"category","embeddable":true,"href":"https:\/\/laultimapalabra.com.mx\/portal\/wp-json\/wp\/v2\/categories?post=48540"},{"taxonomy":"post_tag","embeddable":true,"href":"https:\/\/laultimapalabra.com.mx\/portal\/wp-json\/wp\/v2\/tags?post=48540"}],"curies":[{"name":"wp","href":"https:\/\/api.w.org\/{rel}","templated":true}]}}