                       {"id":48582,"date":"2023-10-17T16:03:09","date_gmt":"2023-10-17T22:03:09","guid":{"rendered":"https:\/\/laultimapalabra.com.mx\/portal\/?p=48582"},"modified":"2023-10-17T16:03:09","modified_gmt":"2023-10-17T22:03:09","slug":"denuncian-maltrato-a-ninos-en-primaria-de-juarez","status":"publish","type":"post","link":"https:\/\/laultimapalabra.com.mx\/portal\/denuncian-maltrato-a-ninos-en-primaria-de-juarez\/","title":{"rendered":"Denuncian maltrato a ni\u00f1os en primaria de Ju\u00e1rez"},"content":{"rendered":"<p>Ju\u00e1rez, N.L.Un grupo de madres de familia, realizaron una manifestaci\u00f3n con pancartas afuera de la escuela primaria \u201cProfesor Joel Rocha Barocio\u201d, en contra de una maestra por maltrato infantil.<\/p>\n<p>La directora del plantel educativo, ubicado a la entrada de la colonia Vistas de San Juan, de nombre Patricia Ru\u00edz, tambi\u00e9n fue se\u00f1alada por proteger a la maestra de Primero \u201cA\u201d, a quien identificaron como Karla Maribel Ram\u00edrez, a quien acusan de maltrato f\u00edsico y psicol\u00f3gico a los menores de seis a\u00f1os de edad en su mayor\u00eda, y uno de ellos con S\u00edndrome Down.<\/p>\n<p>Las frases en las cartulinas de protesta exig\u00edan frenar el maltrato infantil en ese grupo y las inconformes repudiaban a gritos a la maestra y a la directora por la lentitud para solucionar el delicado problema.<\/p>\n<p>Mencionaron que ir\u00e1n a Regi\u00f3n 8 y a las oficinas de la Secretar\u00eda de Educaci\u00f3n del Estado, para que cambien a la maestra y a la directora de esa escuela primaria.<\/p>\n","protected":false},"excerpt":{"rendered":"<p>Ju\u00e1rez, N.L.Un grupo de madres de familia, realizaron una manifestaci\u00f3n con pancartas afuera de la escuela primaria \u201cProfesor Joel Rocha Barocio\u201d, en contra de una maestra por maltrato infantil. La directora del plantel educativo, ubicado a la entrada de la colonia Vistas de San Juan, de nombre Patricia Ru\u00edz, tambi\u00e9n fue se\u00f1alada por proteger a [&hellip;]<\/p>\n","protected":false},"author":9,"featured_media":48583,"comment_status":"closed","ping_status":"closed","sticky":false,"template":"","format":"standard","meta":{"footnotes":""},"categories":[18],"tags":[10070,3590,4313,5859],"class_list":["post-48582","post","type-post","status-publish","format-standard","has-post-thumbnail","hentry","category-locales-juarez","tag-denuncian-maltrato","tag-juarez-nl","tag-ninos","tag-ultimas-noticias"],"_links":{"self":[{"href":"https:\/\/laultimapalabra.com.mx\/portal\/wp-json\/wp\/v2\/posts\/48582","targetHints":{"allow":["GET"]}}],"collection":[{"href":"https:\/\/laultimapalabra.com.mx\/portal\/wp-json\/wp\/v2\/posts"}],"about":[{"href":"https:\/\/laultimapalabra.com.mx\/portal\/wp-json\/wp\/v2\/types\/post"}],"author":[{"embeddable":true,"href":"https:\/\/laultimapalabra.com.mx\/portal\/wp-json\/wp\/v2\/users\/9"}],"replies":[{"embeddable":true,"href":"https:\/\/laultimapalabra.com.mx\/portal\/wp-json\/wp\/v2\/comments?post=48582"}],"version-history":[{"count":1,"href":"https:\/\/laultimapalabra.com.mx\/portal\/wp-json\/wp\/v2\/posts\/48582\/revisions"}],"predecessor-version":[{"id":48584,"href":"https:\/\/laultimapalabra.com.mx\/portal\/wp-json\/wp\/v2\/posts\/48582\/revisions\/48584"}],"wp:featuredmedia":[{"embeddable":true,"href":"https:\/\/laultimapalabra.com.mx\/portal\/wp-json\/wp\/v2\/media\/48583"}],"wp:attachment":[{"href":"https:\/\/laultimapalabra.com.mx\/portal\/wp-json\/wp\/v2\/media?parent=48582"}],"wp:term":[{"taxonomy":"category","embeddable":true,"href":"https:\/\/laultimapalabra.com.mx\/portal\/wp-json\/wp\/v2\/categories?post=48582"},{"taxonomy":"post_tag","embeddable":true,"href":"https:\/\/laultimapalabra.com.mx\/portal\/wp-json\/wp\/v2\/tags?post=48582"}],"curies":[{"name":"wp","href":"https:\/\/api.w.org\/{rel}","templated":true}]}}