                       {"id":48622,"date":"2023-10-18T13:02:19","date_gmt":"2023-10-18T19:02:19","guid":{"rendered":"https:\/\/laultimapalabra.com.mx\/portal\/?p=48622"},"modified":"2023-10-18T13:06:34","modified_gmt":"2023-10-18T19:06:34","slug":"nino-de-12-anos-apunalo-en-espalda-5-veces-a-su-companera","status":"publish","type":"post","link":"https:\/\/laultimapalabra.com.mx\/portal\/nino-de-12-anos-apunalo-en-espalda-5-veces-a-su-companera\/","title":{"rendered":"Ni\u00f1o de 12 a\u00f1os apu\u00f1@l\u00f3 en espalda 5 veces a su compa\u00f1era"},"content":{"rendered":"<p>Un ni\u00f1o de 12 a\u00f1os apu\u00f1al\u00f3 5 veces por la espalda a su compa\u00f1era de clase, esto sucedi\u00f3 en el instituto Rubi\u00f3 i Ors de L\u2019Hospitalet de Llobregat, Barcelona, Espa\u00f1a, alrededor de las 10:00 horas.<\/p>\n<p>El ataque tuvo lugar durante un receso entre clases, cuando el chico, un estudiante de primero de Educaci\u00f3n Secundaria Obligatoria (ESO), infligi\u00f3 hasta cinco pu\u00f1aladas superficiales en la espalda de la v\u00edctima.<\/p>\n<p>Hasta el momento, se desconocen los motivos del ataque.<\/p>\n<p>La ni\u00f1a herida fue trasladada al Hospital Sant Joan de D\u00e9u, en Esplugues de Llobregat, en estado leve. El agresor, debido a su edad, no es imputable y fue retenido por la Polic\u00eda de la Generalidad-Mozos de Escuadra y posteriormente siendo entregado a sus padres.<\/p>\n<p>La polic\u00eda catalana ha iniciado una investigaci\u00f3n sobre el incidente y ha notificado a la Direcci\u00f3n General de Atenci\u00f3n a la Infancia y Adolescencia (Dgaia) de la Generalitat para que tome las medidas correspondientes.<\/p>\n<p>Un equipo de psic\u00f3logos de la unidad &#8220;Bienestar per estar b\u00e9&#8221; del Departamento de Educaci\u00f3n, as\u00ed como profesionales de la Unidad de Apoyo al Alumnado en Situaci\u00f3n de Violencia, se han desplazado al instituto para proporcionar atenci\u00f3n psicol\u00f3gica de emergencia y asesoramiento.<\/p>\n<p>El Departamento de Educaci\u00f3n est\u00e1 siguiendo de cerca el caso en colaboraci\u00f3n con los Servicios Territoriales y la Inspecci\u00f3n Educativa.<\/p>\n<p>FUENTE: INFO7<\/p>\n<p>CR\u00c9DITOS foto: MILENIO<\/p>\n","protected":false},"excerpt":{"rendered":"<p>Un ni\u00f1o de 12 a\u00f1os apu\u00f1al\u00f3 5 veces por la espalda a su compa\u00f1era de clase, esto sucedi\u00f3 en el instituto Rubi\u00f3 i Ors de L\u2019Hospitalet de Llobregat, Barcelona, Espa\u00f1a, alrededor de las 10:00 horas. El ataque tuvo lugar durante un receso entre clases, cuando el chico, un estudiante de primero de Educaci\u00f3n Secundaria Obligatoria [&hellip;]<\/p>\n","protected":false},"author":9,"featured_media":48623,"comment_status":"closed","ping_status":"closed","sticky":false,"template":"","format":"standard","meta":{"footnotes":""},"categories":[16],"tags":[10082,4443,10081,5859],"class_list":["post-48622","post","type-post","status-publish","format-standard","has-post-thumbnail","hentry","category-internacional","tag-cincoveces","tag-espana","tag-ninoapunalaasucompanera","tag-ultimas-noticias"],"_links":{"self":[{"href":"https:\/\/laultimapalabra.com.mx\/portal\/wp-json\/wp\/v2\/posts\/48622","targetHints":{"allow":["GET"]}}],"collection":[{"href":"https:\/\/laultimapalabra.com.mx\/portal\/wp-json\/wp\/v2\/posts"}],"about":[{"href":"https:\/\/laultimapalabra.com.mx\/portal\/wp-json\/wp\/v2\/types\/post"}],"author":[{"embeddable":true,"href":"https:\/\/laultimapalabra.com.mx\/portal\/wp-json\/wp\/v2\/users\/9"}],"replies":[{"embeddable":true,"href":"https:\/\/laultimapalabra.com.mx\/portal\/wp-json\/wp\/v2\/comments?post=48622"}],"version-history":[{"count":3,"href":"https:\/\/laultimapalabra.com.mx\/portal\/wp-json\/wp\/v2\/posts\/48622\/revisions"}],"predecessor-version":[{"id":48626,"href":"https:\/\/laultimapalabra.com.mx\/portal\/wp-json\/wp\/v2\/posts\/48622\/revisions\/48626"}],"wp:featuredmedia":[{"embeddable":true,"href":"https:\/\/laultimapalabra.com.mx\/portal\/wp-json\/wp\/v2\/media\/48623"}],"wp:attachment":[{"href":"https:\/\/laultimapalabra.com.mx\/portal\/wp-json\/wp\/v2\/media?parent=48622"}],"wp:term":[{"taxonomy":"category","embeddable":true,"href":"https:\/\/laultimapalabra.com.mx\/portal\/wp-json\/wp\/v2\/categories?post=48622"},{"taxonomy":"post_tag","embeddable":true,"href":"https:\/\/laultimapalabra.com.mx\/portal\/wp-json\/wp\/v2\/tags?post=48622"}],"curies":[{"name":"wp","href":"https:\/\/api.w.org\/{rel}","templated":true}]}}