                       {"id":48705,"date":"2023-10-19T12:15:30","date_gmt":"2023-10-19T18:15:30","guid":{"rendered":"https:\/\/laultimapalabra.com.mx\/portal\/?p=48705"},"modified":"2023-10-19T12:15:30","modified_gmt":"2023-10-19T18:15:30","slug":"trabajadores-de-scjn-se-unen-al-paro-laboral-en-el-pjf","status":"publish","type":"post","link":"https:\/\/laultimapalabra.com.mx\/portal\/trabajadores-de-scjn-se-unen-al-paro-laboral-en-el-pjf\/","title":{"rendered":"Trabajadores de SCJN se unen al paro laboral en el PJF"},"content":{"rendered":"<p>Un centenar de trabajadores de la Suprema Corte de Justicia de la Naci\u00f3n (SCJN) se unieron al paro de labores en el Poder Judicial Federal (PJF), manifest\u00e1ndose frente al edificio sede de Pino Su\u00e1rez No.2 en protesta por la desaparici\u00f3n de los fideicomisos que manejaba esta instituci\u00f3n.<\/p>\n<p>Omar Vicente S\u00e1nchez Mart\u00ednez, secretario de Finanzas del Sindicato de Trabajadores del PJF, dijo que se mucho del personal entr\u00f3 a laborar debido a que no se les garantiz\u00f3 que no se les descontar\u00e1 el d\u00eda, pero sostuvo que ya existe un acuerdo en ese sentido con la SCJN y que en cuanto se los den por escrito todos se unir\u00e1n al paro.<\/p>\n<p>Dentro de la SCJN las labores no se han interrumpido y los t\u00e9rminos (plazos) legales no se han suspendido toda vez que a\u00fan es posible realizar v\u00eda electr\u00f3nica todos los procesos de un juicio, proceso que se implement\u00f3 desde la pandemia.<\/p>\n<p>Durante la manifestaci\u00f3n tambi\u00e9n se expresaron inconformidades, como la de Rafael Blanco, quien trabaja en la Secretar\u00eda de Acuerdos de la SCJN, y encar\u00f3 a S\u00e1nchez Mart\u00ednez para reclamarle la falta de democracia en la organizaci\u00f3n y asegur\u00f3 que no les han informado sobre las medidas que incluye este paro.<\/p>\n<p>FUENTE:la jornada<\/p>\n<p>CR\u00c9DITOS FOTO: LA JORNADA<\/p>\n<p>&nbsp;<\/p>\n","protected":false},"excerpt":{"rendered":"<p>Un centenar de trabajadores de la Suprema Corte de Justicia de la Naci\u00f3n (SCJN) se unieron al paro de labores en el Poder Judicial Federal (PJF), manifest\u00e1ndose frente al edificio sede de Pino Su\u00e1rez No.2 en protesta por la desaparici\u00f3n de los fideicomisos que manejaba esta instituci\u00f3n. Omar Vicente S\u00e1nchez Mart\u00ednez, secretario de Finanzas del [&hellip;]<\/p>\n","protected":false},"author":9,"featured_media":48707,"comment_status":"closed","ping_status":"closed","sticky":false,"template":"","format":"standard","meta":{"footnotes":""},"categories":[19],"tags":[124,10097,10096,2085,5859],"class_list":["post-48705","post","type-post","status-publish","format-standard","has-post-thumbnail","hentry","category-nacional","tag-amlo","tag-lidernoinformamedidas","tag-paropoderjudicial","tag-scjn","tag-ultimas-noticias"],"_links":{"self":[{"href":"https:\/\/laultimapalabra.com.mx\/portal\/wp-json\/wp\/v2\/posts\/48705","targetHints":{"allow":["GET"]}}],"collection":[{"href":"https:\/\/laultimapalabra.com.mx\/portal\/wp-json\/wp\/v2\/posts"}],"about":[{"href":"https:\/\/laultimapalabra.com.mx\/portal\/wp-json\/wp\/v2\/types\/post"}],"author":[{"embeddable":true,"href":"https:\/\/laultimapalabra.com.mx\/portal\/wp-json\/wp\/v2\/users\/9"}],"replies":[{"embeddable":true,"href":"https:\/\/laultimapalabra.com.mx\/portal\/wp-json\/wp\/v2\/comments?post=48705"}],"version-history":[{"count":1,"href":"https:\/\/laultimapalabra.com.mx\/portal\/wp-json\/wp\/v2\/posts\/48705\/revisions"}],"predecessor-version":[{"id":48708,"href":"https:\/\/laultimapalabra.com.mx\/portal\/wp-json\/wp\/v2\/posts\/48705\/revisions\/48708"}],"wp:featuredmedia":[{"embeddable":true,"href":"https:\/\/laultimapalabra.com.mx\/portal\/wp-json\/wp\/v2\/media\/48707"}],"wp:attachment":[{"href":"https:\/\/laultimapalabra.com.mx\/portal\/wp-json\/wp\/v2\/media?parent=48705"}],"wp:term":[{"taxonomy":"category","embeddable":true,"href":"https:\/\/laultimapalabra.com.mx\/portal\/wp-json\/wp\/v2\/categories?post=48705"},{"taxonomy":"post_tag","embeddable":true,"href":"https:\/\/laultimapalabra.com.mx\/portal\/wp-json\/wp\/v2\/tags?post=48705"}],"curies":[{"name":"wp","href":"https:\/\/api.w.org\/{rel}","templated":true}]}}