                       {"id":48710,"date":"2023-10-19T12:19:05","date_gmt":"2023-10-19T18:19:05","guid":{"rendered":"https:\/\/laultimapalabra.com.mx\/portal\/?p=48710"},"modified":"2023-10-19T12:19:05","modified_gmt":"2023-10-19T18:19:05","slug":"tribunal-electoral-considera-improcedente-recurso-de-samuel-garcia-por-licencia-en-nl","status":"publish","type":"post","link":"https:\/\/laultimapalabra.com.mx\/portal\/tribunal-electoral-considera-improcedente-recurso-de-samuel-garcia-por-licencia-en-nl\/","title":{"rendered":"Tribunal Electoral considera improcedente recurso de Samuel Garc\u00eda por licencia en NL"},"content":{"rendered":"<p>La Sala Superior del Tribunal Electoral (TEPJF) determin\u00f3 la improcedencia del juicio promovido por el gobernador de Nuevo Le\u00f3n, Samuel Garc\u00eda, para que la autoridad se pronuncie sobre la solicitud de licencia para buscar la candidatura a la Presidencia de la Rep\u00fablica en 2024.<\/p>\n<p>La mayor\u00eda de la Sala Superior se\u00f1al\u00f3 que el gobernador no ha pedido licencia al Congreso local, por lo que no se advierte una afectaci\u00f3n a sus derechos pol\u00edtico-electorales, y que \u00e9ste es el \u00f3rgano encargado de dar tr\u00e1mite a esta solicitud.<\/p>\n<p>El mandatario estatal aleg\u00f3 que los legisladores de oposici\u00f3n han manifestado su intenci\u00f3n de rechazar su solicitud de licencia al cargo o, en su caso, obligarlo a tomar una licencia definitiva.<\/p>\n<p>Por cuatro votos en contra y dos a favor, se rechaz\u00f3 el proyecto de la magistrada M\u00f3nica Soto, que propon\u00eda avalar una acci\u00f3n declarativa para consignar que el gobernar puede solicitar licencia hasta por seis meses al Congreso local.<\/p>\n<p>Tambi\u00e9n declar\u00f3 improcedente la solicitud de que sea el Tribunal Electoral y no el Congreso local el que designe al gobernador interino, ya que no existe un acto concreto porque no ha solicitado licencia.<\/p>\n<p>Improcedente, solicitud de licencia de gobernador de NL<\/p>\n<p>La magistrada Janine Ot\u00e1lora consider\u00f3 que la demanda es improcedente, porque no hay elementos ni constancia de que el gobernador haya solicitado una licencia temporal al Congreso local, por lo que no se afectan sus derechos pol\u00edtico-electorales.<\/p>\n<p>\u201cSi bien para justificar la procedencia de su acci\u00f3n, el gobernador del estado de Nuevo Le\u00f3n present\u00f3 diversas notas period\u00edsticas con la finalidad de demostrar que los partidos de oposici\u00f3n en el estado referido pedir\u00e1n su renuncia si pretende contender por la presidencia de la Rep\u00fablica, por lo que votar\u00edan en contra de una licencia temporal, estos hechos son m\u00e1s que simples apreciaciones del actor\u201d, sostuvo.<\/p>\n<p>Por su parte, el magistrado presidente Reyes Rodr\u00edguez Mondrag\u00f3n se\u00f1al\u00f3 que los pronunciamientos pol\u00edticos no se traducen en hechos, adem\u00e1s de que el mandatario no ha formalizado su solicitud de licencia.<\/p>\n<p>FUENTE: EL UNIVERSAL<\/p>\n<p>Cr\u00e9ditos foto: Milenio<\/p>\n<p>&nbsp;<\/p>\n","protected":false},"excerpt":{"rendered":"<p>La Sala Superior del Tribunal Electoral (TEPJF) determin\u00f3 la improcedencia del juicio promovido por el gobernador de Nuevo Le\u00f3n, Samuel Garc\u00eda, para que la autoridad se pronuncie sobre la solicitud de licencia para buscar la candidatura a la Presidencia de la Rep\u00fablica en 2024. La mayor\u00eda de la Sala Superior se\u00f1al\u00f3 que el gobernador no [&hellip;]<\/p>\n","protected":false},"author":9,"featured_media":48711,"comment_status":"closed","ping_status":"closed","sticky":false,"template":"","format":"standard","meta":{"footnotes":""},"categories":[15],"tags":[10099,10100,5037,10098,8696,5859],"class_list":["post-48710","post","type-post","status-publish","format-standard","has-post-thumbnail","hentry","category-estado","tag-candidaturalapresedencia2024","tag-congresolocal","tag-samuelgarcia","tag-solicitudelicencia","tag-tepj","tag-ultimas-noticias"],"_links":{"self":[{"href":"https:\/\/laultimapalabra.com.mx\/portal\/wp-json\/wp\/v2\/posts\/48710","targetHints":{"allow":["GET"]}}],"collection":[{"href":"https:\/\/laultimapalabra.com.mx\/portal\/wp-json\/wp\/v2\/posts"}],"about":[{"href":"https:\/\/laultimapalabra.com.mx\/portal\/wp-json\/wp\/v2\/types\/post"}],"author":[{"embeddable":true,"href":"https:\/\/laultimapalabra.com.mx\/portal\/wp-json\/wp\/v2\/users\/9"}],"replies":[{"embeddable":true,"href":"https:\/\/laultimapalabra.com.mx\/portal\/wp-json\/wp\/v2\/comments?post=48710"}],"version-history":[{"count":1,"href":"https:\/\/laultimapalabra.com.mx\/portal\/wp-json\/wp\/v2\/posts\/48710\/revisions"}],"predecessor-version":[{"id":48712,"href":"https:\/\/laultimapalabra.com.mx\/portal\/wp-json\/wp\/v2\/posts\/48710\/revisions\/48712"}],"wp:featuredmedia":[{"embeddable":true,"href":"https:\/\/laultimapalabra.com.mx\/portal\/wp-json\/wp\/v2\/media\/48711"}],"wp:attachment":[{"href":"https:\/\/laultimapalabra.com.mx\/portal\/wp-json\/wp\/v2\/media?parent=48710"}],"wp:term":[{"taxonomy":"category","embeddable":true,"href":"https:\/\/laultimapalabra.com.mx\/portal\/wp-json\/wp\/v2\/categories?post=48710"},{"taxonomy":"post_tag","embeddable":true,"href":"https:\/\/laultimapalabra.com.mx\/portal\/wp-json\/wp\/v2\/tags?post=48710"}],"curies":[{"name":"wp","href":"https:\/\/api.w.org\/{rel}","templated":true}]}}