                       {"id":48730,"date":"2023-10-19T12:52:35","date_gmt":"2023-10-19T18:52:35","guid":{"rendered":"https:\/\/laultimapalabra.com.mx\/portal\/?p=48730"},"modified":"2023-10-19T12:52:35","modified_gmt":"2023-10-19T18:52:35","slug":"camiones-con-suministros-medicos-listos-para-entrar-en-gaza-oms","status":"publish","type":"post","link":"https:\/\/laultimapalabra.com.mx\/portal\/camiones-con-suministros-medicos-listos-para-entrar-en-gaza-oms\/","title":{"rendered":"Camiones con suministros m\u00e9dicos, listos para entrar en Gaza: OMS"},"content":{"rendered":"<p>Londres. Cinco camiones con suministros m\u00e9dicos est\u00e1n listos en la frontera entre Gaza y Egipto, dijo el jueves la Organizaci\u00f3n Mundial de la Salud, celebrando el anuncio de Israel de que no bloquear\u00e1 la entrada de ayuda en el territorio palestino.<\/p>\n<p>&#8220;Nuestros camiones est\u00e1n cargados y listos para partir&#8221;, dijo en rueda de prensa Tedros Adhanom Ghebreyesus, director general de la OMS. Dijo que esperaba que los suministros se entregaran en cuanto se abriera el paso fronterizo de Rafah, &#8220;esperemos que ma\u00f1ana&#8221;.<\/p>\n<p>La entrega de ayuda ser\u00e1 la primera despu\u00e9s de que Israel dijo que impondr\u00eda un &#8220;confinamiento total&#8221; a la estrecha Franja de Gaza, donde viven 2,3 millones de personas, cortando el suministro el\u00e9ctrico y deteniendo los flujos de alimentos y combustible, en respuesta a un ataque de Hamas contra territorio israel\u00ed el 7 de octubre.<\/p>\n<p>Tambi\u00e9n se han producido intensos ataques a\u00e9reos israel\u00edes al territorio palestino en su conflicto con Hamas. La ONU ha advertido de una &#8220;cat\u00e1strofe humanitaria&#8221;.<\/p>\n<p>FUENTE: LA JORNADA<\/p>\n<p>CR\u00c9DITOS FOTO: HTTPS:WWW.AA.COM.TR<\/p>\n<p>&nbsp;<\/p>\n","protected":false},"excerpt":{"rendered":"<p>Londres. Cinco camiones con suministros m\u00e9dicos est\u00e1n listos en la frontera entre Gaza y Egipto, dijo el jueves la Organizaci\u00f3n Mundial de la Salud, celebrando el anuncio de Israel de que no bloquear\u00e1 la entrada de ayuda en el territorio palestino. &#8220;Nuestros camiones est\u00e1n cargados y listos para partir&#8221;, dijo en rueda de prensa Tedros [&hellip;]<\/p>\n","protected":false},"author":9,"featured_media":48731,"comment_status":"closed","ping_status":"closed","sticky":false,"template":"","format":"standard","meta":{"footnotes":""},"categories":[16],"tags":[10106,9924,3733,10108,10107,5859],"class_list":["post-48730","post","type-post","status-publish","format-standard","has-post-thumbnail","hentry","category-internacional","tag-camionesgaza","tag-guerraisraelhamas","tag-oms","tag-organizacionmundialdelasalud","tag-suministrosmedicos","tag-ultimas-noticias"],"_links":{"self":[{"href":"https:\/\/laultimapalabra.com.mx\/portal\/wp-json\/wp\/v2\/posts\/48730","targetHints":{"allow":["GET"]}}],"collection":[{"href":"https:\/\/laultimapalabra.com.mx\/portal\/wp-json\/wp\/v2\/posts"}],"about":[{"href":"https:\/\/laultimapalabra.com.mx\/portal\/wp-json\/wp\/v2\/types\/post"}],"author":[{"embeddable":true,"href":"https:\/\/laultimapalabra.com.mx\/portal\/wp-json\/wp\/v2\/users\/9"}],"replies":[{"embeddable":true,"href":"https:\/\/laultimapalabra.com.mx\/portal\/wp-json\/wp\/v2\/comments?post=48730"}],"version-history":[{"count":1,"href":"https:\/\/laultimapalabra.com.mx\/portal\/wp-json\/wp\/v2\/posts\/48730\/revisions"}],"predecessor-version":[{"id":48732,"href":"https:\/\/laultimapalabra.com.mx\/portal\/wp-json\/wp\/v2\/posts\/48730\/revisions\/48732"}],"wp:featuredmedia":[{"embeddable":true,"href":"https:\/\/laultimapalabra.com.mx\/portal\/wp-json\/wp\/v2\/media\/48731"}],"wp:attachment":[{"href":"https:\/\/laultimapalabra.com.mx\/portal\/wp-json\/wp\/v2\/media?parent=48730"}],"wp:term":[{"taxonomy":"category","embeddable":true,"href":"https:\/\/laultimapalabra.com.mx\/portal\/wp-json\/wp\/v2\/categories?post=48730"},{"taxonomy":"post_tag","embeddable":true,"href":"https:\/\/laultimapalabra.com.mx\/portal\/wp-json\/wp\/v2\/tags?post=48730"}],"curies":[{"name":"wp","href":"https:\/\/api.w.org\/{rel}","templated":true}]}}