                       {"id":48777,"date":"2023-10-20T12:57:42","date_gmt":"2023-10-20T18:57:42","guid":{"rendered":"https:\/\/laultimapalabra.com.mx\/portal\/?p=48777"},"modified":"2023-10-20T12:58:01","modified_gmt":"2023-10-20T18:58:01","slug":"gobierno-firma-convenio-con-fundacion-teleton-para-crear-centro-de-bienestar","status":"publish","type":"post","link":"https:\/\/laultimapalabra.com.mx\/portal\/gobierno-firma-convenio-con-fundacion-teleton-para-crear-centro-de-bienestar\/","title":{"rendered":"Gobierno firma convenio con Fundaci\u00f3n Telet\u00f3n para crear Centro de Bienestar"},"content":{"rendered":"<p>El gobierno federal y Fundaci\u00f3n Telet\u00f3n firmaron este viernes un convenio para la creaci\u00f3n de un Centro de Inclusi\u00f3n y Bienestar para personas con Discapacidad, en respuesta a la petici\u00f3n de un activista con discapacidad.<\/p>\n<p>Las nuevas instalaciones en las que se atender\u00e1 a personas con discapacidad motriz severa estar\u00e1n en un inmueble ubicado en Paseo de la Reforma 1030, en las Lomas de Chapultepec, en la ciudad de M\u00e9xico. Se trata de una mansi\u00f3n con valor de 90 millones de pesos confiscada al crimen organizado.<\/p>\n<p>En su conferencia de prensa diaria en Palacio Nacional, el presidente Andr\u00e9s Manuel L\u00f3pez Obrador anunci\u00f3 la creaci\u00f3n del centro y resalt\u00f3 que, si bien el gobierno federal otorga pensiones a personas con discapacidad, estas tambi\u00e9n requieren atenci\u00f3n especializada y terapias, \u201cque es lo que no tenemos\u201d.<\/p>\n<p>\u201cLa discapacidad requiere tambi\u00e9n atenci\u00f3n m\u00e9dica, lo que suele pasar es que hay discapacidades no graves que, si se atienden a tiempo, se pueden superar, si no se atienden, que es lo que muchas veces pasa, esas discapacidades menores se convierten en discapacidades graves por falta de atenci\u00f3n m\u00e9dica\u201d, dijo el mandatario, que agreg\u00f3 que por ello mantiene un convenio de colaboraci\u00f3n con Fundaci\u00f3n Telet\u00f3n.<\/p>\n<p>La casa ser\u00e1 donada a petici\u00f3n del activista y comunicador con discapacidad Daniel Robles Haro, quien estuvo en la rueda de prensa matutina de ayer en Palacio Nacional, donde hizo la solicitud al mandatario.<\/p>\n<p>Este viernes, nuevamente presente en la conferencia, Robles Haro, quien se comunica a trav\u00e9s de un tablero de comunicaci\u00f3n alternativa, se dijo agradecido con el jefe del Ejecutivo.<\/p>\n<p>El centro de las Lomas de Chapultepec tendr\u00e1, entre otras funciones y actividades, un centro de innovaci\u00f3n y desarrollo de ayudas t\u00e9cnicas en colaboraci\u00f3n con el Consejo Nacional de Humanidades, Ciencias y Tecnolog\u00edas (Conahcyt), capacitaci\u00f3n y formaci\u00f3n de personas cuidadoras, talleres experimentales para sillas y apoyos ortop\u00e9dicos, entre otras actividades.<\/p>\n<p>La titular del Conahcyt, Mar\u00eda Elena \u00c1lvarez-Buylla, se\u00f1al\u00f3 que la instituci\u00f3n ya tiene avances en la materia, entre las que est\u00e1 la creaci\u00f3n de una paraestatal, Innova Bienestar, para el desarrollo de tecnolog\u00edas, que en colaboraci\u00f3n con la iniciativa privada arrancar\u00e1 una peque\u00f1a empresa para, Serim\u00e9dica, con la que podr\u00e1n dise\u00f1ar y producir insumos m\u00e9dicos y tecnolog\u00eda para las personas con discapacidad, como sillas y pr\u00f3tesis.<\/p>\n<p>La secretaria de Bienestar, Ariadna Montiel, dijo que el gobierno federal otorga pensiones 1 mill\u00f3n 302 mil 560 derechohabientes con discapacidad, para lo que destina este a\u00f1o 26 mil 577 millones de pesos.<\/p>\n<p>Agreg\u00f3 que tambi\u00e9n a solicitud del activista, se donar\u00e1 otro inmueble en Jalisco para la instalaci\u00f3n de una estancia de d\u00eda para personas con discapacidad y que se tienen cuatro ubicaciones posibles identificadas.<\/p>\n<p>El presidente de Fundaci\u00f3n Telet\u00f3n, Fernando Landeros, anunci\u00f3 que est\u00e1 por concluir las obras de construcci\u00f3n de dos nuevos Centros Telet\u00f3n en terrenos donados por el gobierno federal. El primero, en Tlapa, Guerrero, abrir\u00e1 sus puertas el 26 de noviembre, y el segundo, en Mazatl\u00e1n, Sinaloa, en fecha pr\u00f3xima.<\/p>\n<p>FUENTE: LA JORNADA<\/p>\n<p>CR\u00c9DITOS foto: Pablo Ramos\/ la jornada<\/p>\n<p>&nbsp;<\/p>\n","protected":false},"excerpt":{"rendered":"<p>El gobierno federal y Fundaci\u00f3n Telet\u00f3n firmaron este viernes un convenio para la creaci\u00f3n de un Centro de Inclusi\u00f3n y Bienestar para personas con Discapacidad, en respuesta a la petici\u00f3n de un activista con discapacidad. Las nuevas instalaciones en las que se atender\u00e1 a personas con discapacidad motriz severa estar\u00e1n en un inmueble ubicado en [&hellip;]<\/p>\n","protected":false},"author":9,"featured_media":48778,"comment_status":"closed","ping_status":"closed","sticky":false,"template":"","format":"standard","meta":{"footnotes":""},"categories":[19],"tags":[124,10131,10133,10129,10132,10130,5859],"class_list":["post-48777","post","type-post","status-publish","format-standard","has-post-thumbnail","hentry","category-nacional","tag-amlo","tag-centrodebienestar","tag-danielrobles","tag-firmanconvenio","tag-personascondiscapacidad","tag-teleton","tag-ultimas-noticias"],"_links":{"self":[{"href":"https:\/\/laultimapalabra.com.mx\/portal\/wp-json\/wp\/v2\/posts\/48777","targetHints":{"allow":["GET"]}}],"collection":[{"href":"https:\/\/laultimapalabra.com.mx\/portal\/wp-json\/wp\/v2\/posts"}],"about":[{"href":"https:\/\/laultimapalabra.com.mx\/portal\/wp-json\/wp\/v2\/types\/post"}],"author":[{"embeddable":true,"href":"https:\/\/laultimapalabra.com.mx\/portal\/wp-json\/wp\/v2\/users\/9"}],"replies":[{"embeddable":true,"href":"https:\/\/laultimapalabra.com.mx\/portal\/wp-json\/wp\/v2\/comments?post=48777"}],"version-history":[{"count":2,"href":"https:\/\/laultimapalabra.com.mx\/portal\/wp-json\/wp\/v2\/posts\/48777\/revisions"}],"predecessor-version":[{"id":48780,"href":"https:\/\/laultimapalabra.com.mx\/portal\/wp-json\/wp\/v2\/posts\/48777\/revisions\/48780"}],"wp:featuredmedia":[{"embeddable":true,"href":"https:\/\/laultimapalabra.com.mx\/portal\/wp-json\/wp\/v2\/media\/48778"}],"wp:attachment":[{"href":"https:\/\/laultimapalabra.com.mx\/portal\/wp-json\/wp\/v2\/media?parent=48777"}],"wp:term":[{"taxonomy":"category","embeddable":true,"href":"https:\/\/laultimapalabra.com.mx\/portal\/wp-json\/wp\/v2\/categories?post=48777"},{"taxonomy":"post_tag","embeddable":true,"href":"https:\/\/laultimapalabra.com.mx\/portal\/wp-json\/wp\/v2\/tags?post=48777"}],"curies":[{"name":"wp","href":"https:\/\/api.w.org\/{rel}","templated":true}]}}