                       {"id":49010,"date":"2023-10-25T19:35:14","date_gmt":"2023-10-26T01:35:14","guid":{"rendered":"https:\/\/laultimapalabra.com.mx\/portal\/?p=49010"},"modified":"2023-10-25T19:35:17","modified_gmt":"2023-10-26T01:35:17","slug":"dan-licencia-a-samuel-queda-salinas-como-interino","status":"publish","type":"post","link":"https:\/\/laultimapalabra.com.mx\/portal\/dan-licencia-a-samuel-queda-salinas-como-interino\/","title":{"rendered":"Dan licencia a Samuel; queda Salinas como interino"},"content":{"rendered":"\n<p>Monterrey, M\u00e9xico (25 octubre 2023)<br>El Congreso local le da licencia a Samuel Garc\u00eda y designa a Arturo Salinas como Gobernador Interino.<br>En medio de acusaciones de ilegalidad, inconstitucionalidad y soberbia pol\u00edtica por parte de los emecistas, el Congreso local aprob\u00f3 hoy, por mayor\u00eda de 27 votos a favor, la licencia solicitada por Samuel Garc\u00eda, pero impuso, como Gobernador Interino, a Arturo Salinas, panista y actual presidente del Poder Judicial.<br>La designaci\u00f3n de Salinas como Interino, se vot\u00f3 por c\u00e9dula y fue aprobada con 27 votos a favor, 11 en contra y 3 en abstenci\u00f3n.<br>Ante ello, los panistas aplaudieron, y Reyes, de MC , demand\u00f3 que no se le tomara protesta porque \u00e9ste no se hab\u00eda separado del cargo.<br>Mauro Guerra, presidente del Congreso, le dijo que ya estaban en receso y que quedaba en actas su postura.<br>Salinas habr\u00eda pedido licencia hoy a partir del 2 de diciembre y se espera su asistencia al Congreso en unos minutos para tomar protesta.<br>La propuesta de Salinas fue hecha al Pleno, mediante una modificaci\u00f3n al dictamen aprobado minutos antes por la Comisi\u00f3n de Gobernaci\u00f3n planteada por el Diputado local del PRI, Javier Caballero.<br>Con 27 votos del PRI y PAN, 11 votos en contra de los de MC, y 3 abstenciones de Morena y PVEM, se aprob\u00f3 la modificaci\u00f3n de planteada por Caballero y se incluy\u00f3 en el dictamen.<br>&#8220;(Por tanto), la 76 Legislatura, con fundamento en la fracci\u00f3n 24 del art\u00edculo 96 y 123 \u00faltimo p\u00e1rrafo de la Constituci\u00f3n del Estado, aprueba conceder la licencia temporal a Samuel Alejandro Garc\u00eda Sep\u00falveda, Gobernador Constitucional del Estado, por el tiempo de 6 meses sin goce de sueldo, a partir del d\u00eda 2 de diciembre del a\u00f1o 2023 hasta el d\u00eda 2 de junio del a\u00f1o 2024&#8221;. qued\u00f3 establecido.<br>&#8220;Con fundamento en la fracci\u00f3n 21 del art\u00edculo 96 y 122 de la Constituci\u00f3n del Estado, aprueba la designaci\u00f3n del ciudadano Jos\u00e9 Arturo Salinas Garza, como Gobernador Interino del Estado Libre y Soberano de Nuevo Le\u00f3n, en virtud de la licencia temporal otorgada a Samuel Alejandro Garc\u00eda Sep\u00falveda, Gobernador Constitucional del Estado Libre y Soberano de Nuevo Le\u00f3n.<br>&#8220;Ll\u00e1mesele al C. Jos\u00e9 Arturo Salinas Garza, para el efecto de tomar la protesta de ley ante el pleno de este Congreso del Estado, en t\u00e9rminos del presente acuerdo, para que asuma el cargo de Gobernador Interino del Estado Libre y Soberano de Nuevo Le\u00f3n, de acuerdo con la licencia otorgada al Dr. Samuel Alejandro Garc\u00eda Sep\u00falveda, para el periodo comprendido, del d\u00eda 2 de diciembre del a\u00f1o 2023 hasta el d\u00eda 2 de junio del a\u00f1o 2024&#8221;.<br>Ira\u00eds Reyes, Diputada local de MC, calific\u00f3 de aberrante el nombrar como Interino al presidente del Poder Judicial, con lo que se pon\u00eda en duda su imparcialidad en las resoluciones que ha venido emitiendo.<br>Dijo que no era el mejor perfil y que seguramente hab\u00eda personas m\u00e1s \u00edntegras para ser designadas.<br>Su compa\u00f1era de bancada, Sandra P\u00e1manes, tambi\u00e9n cuestion\u00f3 el proceso y respald\u00f3, una petici\u00f3n de Reyes, para que se votara primero lo resuelto por la Comisi\u00f3n y luego lo planteado por Caballero.<br>Lo mismo demand\u00f3 Eduardo Gaona, coordinador emecista.<br>Luego de votado el incluir la modificaci\u00f3n en el dictamen, Lorena de la Garza, del PRI, dijo que el Gobernador se puede ir ya a seguir viajando, pues al fin se la ha pasado de viaje y ausente de las necesidades de la gente.<br>H\u00e9ctor Garc\u00eda, de MC, dijo que el Congreso no busca m\u00e1s inter\u00e9s que el personal de las mayor\u00edas y que se procede con soberbia, pues quieren ganar la elecci\u00f3n que perdieron hace tres a\u00f1os, con una persona que pertenece a un partido pol\u00edtico como lo relata su historia.<br>Dijo que votar\u00eda a favor de la licencia y bajo protesta lo relativo al Gobernador Interno.<br>En tribuna tambi\u00e9n se manifest\u00f3 a favor de la licencia y de la designaci\u00f3n del Interino, la Diputada local del PAN, Itzel Castillo, quien expuso un video en el que el Gobernador aseguraba que no dejar\u00eda el cargo para ir por la Presidencia en el 2024.<br>&#8220;Si no quiere ser Gobernador que se vaya&#8221;, grit\u00f3 un panista desde su curul.<\/p>\n\n\n\n<p>Fuente:El NORTE <\/p>\n","protected":false},"excerpt":{"rendered":"<p>Monterrey, M\u00e9xico (25 octubre 2023)El Congreso local le da licencia a Samuel Garc\u00eda y designa a Arturo Salinas como Gobernador Interino.En medio de acusaciones de ilegalidad, inconstitucionalidad y soberbia pol\u00edtica por parte de los emecistas, el Congreso local aprob\u00f3 hoy, por mayor\u00eda de 27 votos a favor, la licencia solicitada por Samuel Garc\u00eda, pero impuso, [&hellip;]<\/p>\n","protected":false},"author":7,"featured_media":49009,"comment_status":"closed","ping_status":"closed","sticky":false,"template":"","format":"standard","meta":{"footnotes":""},"categories":[15],"tags":[5955,10201,10202],"class_list":["post-49010","post","type-post","status-publish","format-standard","has-post-thumbnail","hentry","category-estado","tag-congreso-local","tag-dan-licencia-a-samuel-garcia","tag-queda-salinas-como-gobernador-interino"],"_links":{"self":[{"href":"https:\/\/laultimapalabra.com.mx\/portal\/wp-json\/wp\/v2\/posts\/49010","targetHints":{"allow":["GET"]}}],"collection":[{"href":"https:\/\/laultimapalabra.com.mx\/portal\/wp-json\/wp\/v2\/posts"}],"about":[{"href":"https:\/\/laultimapalabra.com.mx\/portal\/wp-json\/wp\/v2\/types\/post"}],"author":[{"embeddable":true,"href":"https:\/\/laultimapalabra.com.mx\/portal\/wp-json\/wp\/v2\/users\/7"}],"replies":[{"embeddable":true,"href":"https:\/\/laultimapalabra.com.mx\/portal\/wp-json\/wp\/v2\/comments?post=49010"}],"version-history":[{"count":1,"href":"https:\/\/laultimapalabra.com.mx\/portal\/wp-json\/wp\/v2\/posts\/49010\/revisions"}],"predecessor-version":[{"id":49011,"href":"https:\/\/laultimapalabra.com.mx\/portal\/wp-json\/wp\/v2\/posts\/49010\/revisions\/49011"}],"wp:featuredmedia":[{"embeddable":true,"href":"https:\/\/laultimapalabra.com.mx\/portal\/wp-json\/wp\/v2\/media\/49009"}],"wp:attachment":[{"href":"https:\/\/laultimapalabra.com.mx\/portal\/wp-json\/wp\/v2\/media?parent=49010"}],"wp:term":[{"taxonomy":"category","embeddable":true,"href":"https:\/\/laultimapalabra.com.mx\/portal\/wp-json\/wp\/v2\/categories?post=49010"},{"taxonomy":"post_tag","embeddable":true,"href":"https:\/\/laultimapalabra.com.mx\/portal\/wp-json\/wp\/v2\/tags?post=49010"}],"curies":[{"name":"wp","href":"https:\/\/api.w.org\/{rel}","templated":true}]}}