                       {"id":49045,"date":"2023-10-26T13:41:02","date_gmt":"2023-10-26T19:41:02","guid":{"rendered":"https:\/\/laultimapalabra.com.mx\/portal\/?p=49045"},"modified":"2023-10-26T13:41:11","modified_gmt":"2023-10-26T19:41:11","slug":"ratifica-amlo-apoyo-a-samuel-garcia","status":"publish","type":"post","link":"https:\/\/laultimapalabra.com.mx\/portal\/ratifica-amlo-apoyo-a-samuel-garcia\/","title":{"rendered":"Ratifica AMLO apoyo a Samuel Garc\u00eda"},"content":{"rendered":"\n<p><br \/>CDMX. &#8211; Esta ma\u00f1ana, el presidente de la rep\u00fablica, Andres Manuel L\u00f3prez Obrador, expres\u00f3 su apoyo y respaldo al gobernador de Nuevo Le\u00f3n, al ser cuestionado sobre la licencia solicitada por Samuel Garc\u00eda para contender por la Presidencia en el a\u00f1o 2024.<br \/>La periodista de La \u00daltima Palabra, Guadalupe Herrera R\u00e1bago, hizo la pregunta la ma\u00f1ana de hoy en la conferencia de prensa &#8220;La Ma\u00f1anera&#8221;, donde aparte de otros cuestionamientos, le pidi\u00f3 su opini\u00f3n sobre la licencia, que es un tema de revuelo en la entidad.<br \/>Con un: &#8220;Yo apoyo a Samuel\u2026&#8221;, el jefe del ejecutivo federal hizo p\u00fablico su respaldo y asever\u00f3 que han tenido muy buena relaci\u00f3n ambos gobiernos a pesar de ser de diferentes partidos pol\u00edticos.<br \/>El final de su respuesta dijo que no le corresponde dar su opini\u00f3n en el \u00e1mbito pol\u00edtico-electoral, pero al final dijo: &#8220;\u2026nada m\u00e1s desearle lo mejor siempre a Samuel\u201d.<\/p>\n","protected":false},"excerpt":{"rendered":"<p>CDMX. &#8211; Esta ma\u00f1ana, el presidente de la rep\u00fablica, Andres Manuel L\u00f3prez Obrador, expres\u00f3 su apoyo y respaldo al gobernador de Nuevo Le\u00f3n, al ser cuestionado sobre la licencia solicitada por Samuel Garc\u00eda para contender por la Presidencia en el a\u00f1o 2024.La periodista de La \u00daltima Palabra, Guadalupe Herrera R\u00e1bago, hizo la pregunta la ma\u00f1ana [&hellip;]<\/p>\n","protected":false},"author":7,"featured_media":49044,"comment_status":"closed","ping_status":"closed","sticky":false,"template":"","format":"standard","meta":{"footnotes":""},"categories":[19],"tags":[124,10208,4205,4195],"class_list":["post-49045","post","type-post","status-publish","format-standard","has-post-thumbnail","hentry","category-nacional","tag-amlo","tag-amlo-apoya-a-samuel-garcia","tag-gobernador","tag-presidente"],"_links":{"self":[{"href":"https:\/\/laultimapalabra.com.mx\/portal\/wp-json\/wp\/v2\/posts\/49045","targetHints":{"allow":["GET"]}}],"collection":[{"href":"https:\/\/laultimapalabra.com.mx\/portal\/wp-json\/wp\/v2\/posts"}],"about":[{"href":"https:\/\/laultimapalabra.com.mx\/portal\/wp-json\/wp\/v2\/types\/post"}],"author":[{"embeddable":true,"href":"https:\/\/laultimapalabra.com.mx\/portal\/wp-json\/wp\/v2\/users\/7"}],"replies":[{"embeddable":true,"href":"https:\/\/laultimapalabra.com.mx\/portal\/wp-json\/wp\/v2\/comments?post=49045"}],"version-history":[{"count":2,"href":"https:\/\/laultimapalabra.com.mx\/portal\/wp-json\/wp\/v2\/posts\/49045\/revisions"}],"predecessor-version":[{"id":49047,"href":"https:\/\/laultimapalabra.com.mx\/portal\/wp-json\/wp\/v2\/posts\/49045\/revisions\/49047"}],"wp:featuredmedia":[{"embeddable":true,"href":"https:\/\/laultimapalabra.com.mx\/portal\/wp-json\/wp\/v2\/media\/49044"}],"wp:attachment":[{"href":"https:\/\/laultimapalabra.com.mx\/portal\/wp-json\/wp\/v2\/media?parent=49045"}],"wp:term":[{"taxonomy":"category","embeddable":true,"href":"https:\/\/laultimapalabra.com.mx\/portal\/wp-json\/wp\/v2\/categories?post=49045"},{"taxonomy":"post_tag","embeddable":true,"href":"https:\/\/laultimapalabra.com.mx\/portal\/wp-json\/wp\/v2\/tags?post=49045"}],"curies":[{"name":"wp","href":"https:\/\/api.w.org\/{rel}","templated":true}]}}