                       {"id":49085,"date":"2023-10-27T12:49:24","date_gmt":"2023-10-27T18:49:24","guid":{"rendered":"https:\/\/laultimapalabra.com.mx\/portal\/?p=49085"},"modified":"2023-10-27T12:49:24","modified_gmt":"2023-10-27T18:49:24","slug":"sheinbaum-la-mejor-de-todos-los-jefes-de-cdmx-dice-el-presidente-yo-apoyo-a-samuel-afirmo-el-mandatario","status":"publish","type":"post","link":"https:\/\/laultimapalabra.com.mx\/portal\/sheinbaum-la-mejor-de-todos-los-jefes-de-cdmx-dice-el-presidente-yo-apoyo-a-samuel-afirmo-el-mandatario\/","title":{"rendered":"Sheinbaum, la mejor de todos los jefes de CDMX, dice el presidente   \u201cYo apoyo a Samuel\u201d afirm\u00f3 el mandatario."},"content":{"rendered":"<p>Ciudad de M\u00e9xico. El presidente Andr\u00e9s Manuel L\u00f3pez Obrador elogi\u00f3 ayer el trabajo hecho por Claudia Sheinbaum durante su gesti\u00f3n al frente del gobierno de la Ciudad de M\u00e9xico, adem\u00e1s de que envi\u00f3 sus mejores deseos al gobernador de Nuevo Le\u00f3n, Samuel Garc\u00eda.<\/p>\n<p>No quiero que se vaya a malinterpretar, pero qu\u00e9 jefa de Gobierno, Claudia Sheinbaum, mejor que todos los que hemos sido jefes de Gobierno, muy buena, mucho muy buena, dijo el mandatario interrogado en su conferencia de prensa diaria en Palacio Nacional sobre temas relacionados con la capital del pa\u00eds.<\/p>\n<p>Y al responder qu\u00e9 opina respecto a que el gobernador Garc\u00eda haya solicitado licencia al cargo para buscar la candidatura presidencial por Movimiento Ciudadano, partido al que pertenece, L\u00f3pez Obrador se\u00f1al\u00f3: Yo apoyo a Samuel, porque es el gobernador de Nuevo Le\u00f3n. Adem\u00e1s, hemos tenido una buena relaci\u00f3n, de respeto, aun cuando los or\u00edgenes de nuestras organizaciones son distintos, ya en el gobierno hemos actuado de manera coordinada. No puedo decir m\u00e1s que eso. La parte pol\u00edtico-electoral ya no me corresponde. Nada m\u00e1s desearle lo mejor a Samuel.<\/p>\n<p>L\u00f3pez Obrador tambi\u00e9n tuvo palabras de aprecio para el jefe de Gobierno de la Ciudad de M\u00e9xico, Mart\u00ed Batres. Mart\u00ed es buen\u00edsimo, agreg\u00f3 el titular del Ejecutivo.<\/p>\n<p>Adem\u00e1s, manifest\u00f3 su confianza en el senador con licencia Ricardo Monreal. Aprovecho para decir que le tengo confianza, mucha confianza a Ricardo Monreal.<\/p>\n<p>Fuente: la jornada<\/p>\n<p>Cr\u00e9ditos foto: la jornada<\/p>\n<p>&nbsp;<\/p>\n","protected":false},"excerpt":{"rendered":"<p>Ciudad de M\u00e9xico. El presidente Andr\u00e9s Manuel L\u00f3pez Obrador elogi\u00f3 ayer el trabajo hecho por Claudia Sheinbaum durante su gesti\u00f3n al frente del gobierno de la Ciudad de M\u00e9xico, adem\u00e1s de que envi\u00f3 sus mejores deseos al gobernador de Nuevo Le\u00f3n, Samuel Garc\u00eda. No quiero que se vaya a malinterpretar, pero qu\u00e9 jefa de Gobierno, [&hellip;]<\/p>\n","protected":false},"author":9,"featured_media":49086,"comment_status":"closed","ping_status":"closed","sticky":false,"template":"","format":"standard","meta":{"footnotes":""},"categories":[19],"tags":[124,8496,7898,5037,5859],"class_list":["post-49085","post","type-post","status-publish","format-standard","has-post-thumbnail","hentry","category-nacional","tag-amlo","tag-claudiasheinbaum","tag-martibatres","tag-samuelgarcia","tag-ultimas-noticias"],"_links":{"self":[{"href":"https:\/\/laultimapalabra.com.mx\/portal\/wp-json\/wp\/v2\/posts\/49085","targetHints":{"allow":["GET"]}}],"collection":[{"href":"https:\/\/laultimapalabra.com.mx\/portal\/wp-json\/wp\/v2\/posts"}],"about":[{"href":"https:\/\/laultimapalabra.com.mx\/portal\/wp-json\/wp\/v2\/types\/post"}],"author":[{"embeddable":true,"href":"https:\/\/laultimapalabra.com.mx\/portal\/wp-json\/wp\/v2\/users\/9"}],"replies":[{"embeddable":true,"href":"https:\/\/laultimapalabra.com.mx\/portal\/wp-json\/wp\/v2\/comments?post=49085"}],"version-history":[{"count":1,"href":"https:\/\/laultimapalabra.com.mx\/portal\/wp-json\/wp\/v2\/posts\/49085\/revisions"}],"predecessor-version":[{"id":49087,"href":"https:\/\/laultimapalabra.com.mx\/portal\/wp-json\/wp\/v2\/posts\/49085\/revisions\/49087"}],"wp:featuredmedia":[{"embeddable":true,"href":"https:\/\/laultimapalabra.com.mx\/portal\/wp-json\/wp\/v2\/media\/49086"}],"wp:attachment":[{"href":"https:\/\/laultimapalabra.com.mx\/portal\/wp-json\/wp\/v2\/media?parent=49085"}],"wp:term":[{"taxonomy":"category","embeddable":true,"href":"https:\/\/laultimapalabra.com.mx\/portal\/wp-json\/wp\/v2\/categories?post=49085"},{"taxonomy":"post_tag","embeddable":true,"href":"https:\/\/laultimapalabra.com.mx\/portal\/wp-json\/wp\/v2\/tags?post=49085"}],"curies":[{"name":"wp","href":"https:\/\/api.w.org\/{rel}","templated":true}]}}