                       {"id":49089,"date":"2023-10-27T13:01:59","date_gmt":"2023-10-27T19:01:59","guid":{"rendered":"https:\/\/laultimapalabra.com.mx\/portal\/?p=49089"},"modified":"2023-10-27T13:01:59","modified_gmt":"2023-10-27T19:01:59","slug":"disenaremos-un-plan-de-apoyo-al-sector-turistico-de-acapulco-amlo","status":"publish","type":"post","link":"https:\/\/laultimapalabra.com.mx\/portal\/disenaremos-un-plan-de-apoyo-al-sector-turistico-de-acapulco-amlo\/","title":{"rendered":"Dise\u00f1aremos un plan de apoyo al sector tur\u00edstico de Acapulco: AMLO"},"content":{"rendered":"<p>CDMX. Esta tarde el Gabinete econ\u00f3mico del gobierno federal se reunir\u00e1 para dise\u00f1ar un plan de apoyo al sector tur\u00edstico de Acapulco, tras los da\u00f1os que dej\u00f3 el hurac\u00e1n Otis, inform\u00f3 el presidente Andr\u00e9s Manuel L\u00f3pez Obrador.<\/p>\n<p>\u201cTenemos que poner de pie lo m\u00e1s pronto posible a Acapulco. Ese es el plan en general: ayudar a la gente afectada y al mismo tiempo que se regrese a la normalidad en cuanto al turismo en el bello puerto\u201d, asegur\u00f3.<\/p>\n<p>En su conferencia matutina, el titular del Ejecutivo federal indic\u00f3 que a las 5 de la tarde en la Secretar\u00eda de Hacienda, en Palacio Nacional, sostendr\u00e1n una reuni\u00f3n el titular de la dependencia Rogelio Ram\u00edrez de la O, as\u00ed como los titulares del SAT, el subsecretario de Egresos, el presidente de la Comisi\u00f3n Nacional Bancar\u00eda y de Valores, el director de Banobras, y el de Nacional Financiera, en conjunto con integrantes del sector privado para hacer una propuesta de apoyo al sector tur\u00edstico de Acapulco.<\/p>\n<p>\u201cVamos a establecer tambi\u00e9n medidas para que no falte el abasto en materiales de construcci\u00f3n, vamos a establecer comunicaci\u00f3n con las empresas que producen acero y cemento porque se va a necesitar mucho material de construcci\u00f3n y no queremos que haya especulaci\u00f3n\u201d, mencion\u00f3.<\/p>\n<p>Fuente: la jornada<\/p>\n<p>Cr\u00e9ditos foto: la jornada<\/p>\n<p>&nbsp;<\/p>\n","protected":false},"excerpt":{"rendered":"<p>CDMX. Esta tarde el Gabinete econ\u00f3mico del gobierno federal se reunir\u00e1 para dise\u00f1ar un plan de apoyo al sector tur\u00edstico de Acapulco, tras los da\u00f1os que dej\u00f3 el hurac\u00e1n Otis, inform\u00f3 el presidente Andr\u00e9s Manuel L\u00f3pez Obrador. \u201cTenemos que poner de pie lo m\u00e1s pronto posible a Acapulco. Ese es el plan en general: ayudar [&hellip;]<\/p>\n","protected":false},"author":9,"featured_media":49090,"comment_status":"closed","ping_status":"closed","sticky":false,"template":"","format":"standard","meta":{"footnotes":""},"categories":[19],"tags":[10222,124,10220,10221,5859],"class_list":["post-49089","post","type-post","status-publish","format-standard","has-post-thumbnail","hentry","category-nacional","tag-abastodematerialesdeconstruccion","tag-amlo","tag-plandeapoyosectorturisticoacapulco","tag-rogelioramirezdelao","tag-ultimas-noticias"],"_links":{"self":[{"href":"https:\/\/laultimapalabra.com.mx\/portal\/wp-json\/wp\/v2\/posts\/49089","targetHints":{"allow":["GET"]}}],"collection":[{"href":"https:\/\/laultimapalabra.com.mx\/portal\/wp-json\/wp\/v2\/posts"}],"about":[{"href":"https:\/\/laultimapalabra.com.mx\/portal\/wp-json\/wp\/v2\/types\/post"}],"author":[{"embeddable":true,"href":"https:\/\/laultimapalabra.com.mx\/portal\/wp-json\/wp\/v2\/users\/9"}],"replies":[{"embeddable":true,"href":"https:\/\/laultimapalabra.com.mx\/portal\/wp-json\/wp\/v2\/comments?post=49089"}],"version-history":[{"count":1,"href":"https:\/\/laultimapalabra.com.mx\/portal\/wp-json\/wp\/v2\/posts\/49089\/revisions"}],"predecessor-version":[{"id":49091,"href":"https:\/\/laultimapalabra.com.mx\/portal\/wp-json\/wp\/v2\/posts\/49089\/revisions\/49091"}],"wp:featuredmedia":[{"embeddable":true,"href":"https:\/\/laultimapalabra.com.mx\/portal\/wp-json\/wp\/v2\/media\/49090"}],"wp:attachment":[{"href":"https:\/\/laultimapalabra.com.mx\/portal\/wp-json\/wp\/v2\/media?parent=49089"}],"wp:term":[{"taxonomy":"category","embeddable":true,"href":"https:\/\/laultimapalabra.com.mx\/portal\/wp-json\/wp\/v2\/categories?post=49089"},{"taxonomy":"post_tag","embeddable":true,"href":"https:\/\/laultimapalabra.com.mx\/portal\/wp-json\/wp\/v2\/tags?post=49089"}],"curies":[{"name":"wp","href":"https:\/\/api.w.org\/{rel}","templated":true}]}}