                       {"id":4913,"date":"2018-11-30T00:33:47","date_gmt":"2018-11-30T00:33:47","guid":{"rendered":"http:\/\/laultimapalabra.info\/?p=4913"},"modified":"2024-12-11T08:53:25","modified_gmt":"2024-12-11T14:53:25","slug":"alonso-ines-de-leon-cantu-un-jimenence-distinguido","status":"publish","type":"post","link":"https:\/\/laultimapalabra.com.mx\/portal\/alonso-ines-de-leon-cantu-un-jimenence-distinguido\/","title":{"rendered":"Alonso In\u00e9s de Le\u00f3n Cant\u00fa\u2026\u2026. Un Jimenence distinguido"},"content":{"rendered":"<p style=\"text-align: justify;\"><img loading=\"lazy\" decoding=\"async\" class=\"size-medium wp-image-4914 alignright\" src=\"https:\/\/laultimapalabra.com.mx\/portal\/wp-content\/uploads\/2018\/11\/1-25-111x300.jpg\" alt=\"\" width=\"111\" height=\"300\" \/>Por: Dr. Jos\u00e9 Ascenci\u00f3n Tijerina Flores<\/p>\n<p style=\"text-align: justify;\">Como un hombre emprendedor, visionario, honrado y muy trabajador es como recordamos a Alonso I. de Le\u00f3n Cant\u00fa, quien falleciera el pasado 28 de octubre en la ciudad de Monterrey Nuevo Le\u00f3n por serios achaques que le aquejaban tiempo atr\u00e1s.<br \/>\nNaci\u00f3 el 21 de enero de 1934 en esta ciudad de Cadereyta Jimenez, fue hijo de Don Alonso de Le\u00f3n Rend\u00f3n y de Do\u00f1a Herlinda Cant\u00fa Cant\u00fa. Un negocio ubicado frente a la plaza de armas de nuestra ciudad muy frecuentado por los Jimenences, era el centro de trabajo de esta familia integrada por Don Alonso y Do\u00f1a Herlinda apoyados por sus hijos: Emerico, Alonso y Oziel, quienes atend\u00edan con todo esmero a lo m\u00e1s granado de la sociedad Jimenence.<br \/>\nLos recordamos en su restaurant \u2013 never\u00eda \u201cLa Primavera\u201d, negocio donde exped\u00edan ricos tacos rojos y otros alimentos sin faltar los postres de nieve. Inquieto como era (lonchin) se traslad\u00f3 a la ciudad de Monterrey para llevar a cabo sus estudios como Contador P\u00fablico.<br \/>\nNo conforme como el mismo, fund\u00f3 un negocio de mariscos por la calle Villagr\u00e1n de la ciudad capital al que llam\u00f3 \u201cLa ranita\u201d. Posteriormente fund\u00f3 otro negocio del mismo g\u00e9nero unas cuadras al norte de la misma calle y dada la aceptaci\u00f3n de la clientela, inici\u00f3 la gran aventura para fundar \u201cEl barco\u201d el 7 de diciembre de 1990 en la colonia Contry.<br \/>\nAtra\u00eddos por la arquitectura singular de la construcci\u00f3n, adem\u00e1s de la atenci\u00f3n personal de Alonso, la clientela creci\u00f3 a grado tal que una gran cantidad de regiomontanos y de otros lugares se hicieron asiduos clientes de ese lugar como resultado de la calidad de los platillos, adem\u00e1s de la simpat\u00eda y car\u00e1cter amiguero de Alonso.<br \/>\nPara entonces, su familia atend\u00eda el negocio que en ocasiones resultaba insuficiente para la cantidad de comensales que acud\u00edan al lugar ubicado en la colonia ya mencionada en las cercan\u00edas del \u201cArroyo seco\u201d.<br \/>\nLa Sra. Irene Portillo L\u00f3pez fue su esposa y compa\u00f1era desde 1960 hasta la hora de su partida, procreando con ella una hermosa familia integrada por: Laura SanJuana, Ana Mar\u00eda, Graciela, Martha Ramona, Alonso Gerardo, Adriana y Jos\u00e9 Francisco.<br \/>\nAmoroso padre de familia, emprendedor y disciplinado, as\u00ed podr\u00edamos resumir la personalidad de Alonso, quien adem\u00e1s disfrutaba sus pasatiempos favoritos: La m\u00fasica y las motocicletas.<br \/>\nA poco m\u00e1s de una mes de su fallecimiento, hoy recordamos al buen amigo Alonso como ejemplo de buen ciudadano, padre ejemplar y sobre todo buen amigo que supo conquistar a mucha gente con su sencillez y calidad humana que con el paso del tiempo lo convirtieron en un Jimenence distinguido.<br \/>\nQue en Paz Descanse Alonso In\u00e9s de Le\u00f3n Cant\u00fa<br \/>\nGracias<\/p>\n","protected":false},"excerpt":{"rendered":"<p>Por: Dr. Jos\u00e9 Ascenci\u00f3n Tijerina Flores Como un hombre emprendedor, visionario, honrado y muy trabajador es como recordamos a Alonso I. de Le\u00f3n Cant\u00fa, quien falleciera el pasado 28 de octubre en la ciudad de Monterrey Nuevo Le\u00f3n por serios achaques que le aquejaban tiempo atr\u00e1s. Naci\u00f3 el 21 de enero de 1934 en esta [&hellip;]<\/p>\n","protected":false},"author":9,"featured_media":4915,"comment_status":"open","ping_status":"closed","sticky":false,"template":"","format":"standard","meta":{"footnotes":""},"categories":[1],"tags":[879],"class_list":["post-4913","post","type-post","status-publish","format-standard","has-post-thumbnail","hentry","category-noticias","tag-dr-jose-ascencion-tijerina-flores"],"_links":{"self":[{"href":"https:\/\/laultimapalabra.com.mx\/portal\/wp-json\/wp\/v2\/posts\/4913","targetHints":{"allow":["GET"]}}],"collection":[{"href":"https:\/\/laultimapalabra.com.mx\/portal\/wp-json\/wp\/v2\/posts"}],"about":[{"href":"https:\/\/laultimapalabra.com.mx\/portal\/wp-json\/wp\/v2\/types\/post"}],"author":[{"embeddable":true,"href":"https:\/\/laultimapalabra.com.mx\/portal\/wp-json\/wp\/v2\/users\/9"}],"replies":[{"embeddable":true,"href":"https:\/\/laultimapalabra.com.mx\/portal\/wp-json\/wp\/v2\/comments?post=4913"}],"version-history":[{"count":1,"href":"https:\/\/laultimapalabra.com.mx\/portal\/wp-json\/wp\/v2\/posts\/4913\/revisions"}],"predecessor-version":[{"id":65666,"href":"https:\/\/laultimapalabra.com.mx\/portal\/wp-json\/wp\/v2\/posts\/4913\/revisions\/65666"}],"wp:featuredmedia":[{"embeddable":true,"href":"https:\/\/laultimapalabra.com.mx\/portal\/wp-json\/"}],"wp:attachment":[{"href":"https:\/\/laultimapalabra.com.mx\/portal\/wp-json\/wp\/v2\/media?parent=4913"}],"wp:term":[{"taxonomy":"category","embeddable":true,"href":"https:\/\/laultimapalabra.com.mx\/portal\/wp-json\/wp\/v2\/categories?post=4913"},{"taxonomy":"post_tag","embeddable":true,"href":"https:\/\/laultimapalabra.com.mx\/portal\/wp-json\/wp\/v2\/tags?post=4913"}],"curies":[{"name":"wp","href":"https:\/\/api.w.org\/{rel}","templated":true}]}}