                       {"id":49221,"date":"2023-10-30T15:58:18","date_gmt":"2023-10-30T21:58:18","guid":{"rendered":"https:\/\/laultimapalabra.com.mx\/portal\/?p=49221"},"modified":"2023-10-30T15:58:18","modified_gmt":"2023-10-30T21:58:18","slug":"la-catrina-una-tradicion","status":"publish","type":"post","link":"https:\/\/laultimapalabra.com.mx\/portal\/la-catrina-una-tradicion\/","title":{"rendered":"LA CATRINA UNA TRADICI\u00d3N\u00a0"},"content":{"rendered":"<p>La Catrina, que originalmente es la &#8220;Calavera Garbancera&#8221; fue creada por Jos\u00e9 Guadalupe Posadas, hace m\u00e1s de 100 a\u00f1os, en un grabado de metal para criticar a los garbanceros, que eran aquellas personas de origen ind\u00edgena, pero que pretend\u00edan ser europeos. Originalmente no estaba vestida s\u00f3lo usaba un sombrero, interpret\u00e1ndose como una cr\u00edtica a la pobreza con que viv\u00edan los mexicanos en esa \u00e9poca, como una burla a la clase alta del Porfiriato, ya que en ese entonces se renegaba de sus or\u00edgenes. En los primeros comentarios algo m\u00e1s de esta maravillosa Calavera Garbancera&#8230; \u201cLa Catrina<\/p>\n<p>Fuente y foto : m\u00e1quina Tuxpan<\/p>\n<p>#HistoriaM\u00e1quinaTuxpan \u201d<\/p>\n","protected":false},"excerpt":{"rendered":"<p>La Catrina, que originalmente es la &#8220;Calavera Garbancera&#8221; fue creada por Jos\u00e9 Guadalupe Posadas, hace m\u00e1s de 100 a\u00f1os, en un grabado de metal para criticar a los garbanceros, que eran aquellas personas de origen ind\u00edgena, pero que pretend\u00edan ser europeos. Originalmente no estaba vestida s\u00f3lo usaba un sombrero, interpret\u00e1ndose como una cr\u00edtica a la [&hellip;]<\/p>\n","protected":false},"author":9,"featured_media":49222,"comment_status":"closed","ping_status":"closed","sticky":false,"template":"","format":"standard","meta":{"footnotes":""},"categories":[9659],"tags":[10261,5859],"class_list":["post-49221","post","type-post","status-publish","format-standard","has-post-thumbnail","hentry","category-region-huasteca","tag-la-catrina","tag-ultimas-noticias"],"_links":{"self":[{"href":"https:\/\/laultimapalabra.com.mx\/portal\/wp-json\/wp\/v2\/posts\/49221","targetHints":{"allow":["GET"]}}],"collection":[{"href":"https:\/\/laultimapalabra.com.mx\/portal\/wp-json\/wp\/v2\/posts"}],"about":[{"href":"https:\/\/laultimapalabra.com.mx\/portal\/wp-json\/wp\/v2\/types\/post"}],"author":[{"embeddable":true,"href":"https:\/\/laultimapalabra.com.mx\/portal\/wp-json\/wp\/v2\/users\/9"}],"replies":[{"embeddable":true,"href":"https:\/\/laultimapalabra.com.mx\/portal\/wp-json\/wp\/v2\/comments?post=49221"}],"version-history":[{"count":1,"href":"https:\/\/laultimapalabra.com.mx\/portal\/wp-json\/wp\/v2\/posts\/49221\/revisions"}],"predecessor-version":[{"id":49223,"href":"https:\/\/laultimapalabra.com.mx\/portal\/wp-json\/wp\/v2\/posts\/49221\/revisions\/49223"}],"wp:featuredmedia":[{"embeddable":true,"href":"https:\/\/laultimapalabra.com.mx\/portal\/wp-json\/wp\/v2\/media\/49222"}],"wp:attachment":[{"href":"https:\/\/laultimapalabra.com.mx\/portal\/wp-json\/wp\/v2\/media?parent=49221"}],"wp:term":[{"taxonomy":"category","embeddable":true,"href":"https:\/\/laultimapalabra.com.mx\/portal\/wp-json\/wp\/v2\/categories?post=49221"},{"taxonomy":"post_tag","embeddable":true,"href":"https:\/\/laultimapalabra.com.mx\/portal\/wp-json\/wp\/v2\/tags?post=49221"}],"curies":[{"name":"wp","href":"https:\/\/api.w.org\/{rel}","templated":true}]}}