                       {"id":49319,"date":"2023-11-01T11:45:20","date_gmt":"2023-11-01T17:45:20","guid":{"rendered":"https:\/\/laultimapalabra.com.mx\/portal\/?p=49319"},"modified":"2023-11-01T11:45:20","modified_gmt":"2023-11-01T17:45:20","slug":"sacrifican-a-90-mil-aves-por-influenza-aviar-en-sonora","status":"publish","type":"post","link":"https:\/\/laultimapalabra.com.mx\/portal\/sacrifican-a-90-mil-aves-por-influenza-aviar-en-sonora\/","title":{"rendered":"Sacrifican a 90 mil aves por influenza aviar en Sonora"},"content":{"rendered":"<p>Cajeme, Son. Un total de 90 mil aves de granja han sido sacrificadas en el Sur de Sonora a causa de virus de influenza aviar detectada el pasado fin de semana en esta regi\u00f3n; la Secretar\u00eda de Agricultura y Desarrollo Rural (Sader) expuso que trabajan para frenar los contagios de este virus y comenzar con la vacunaci\u00f3n en esta entidad.<\/p>\n<p>Jorge Francisco Ca\u00f1ez de la Fuente, titular del Servicio Nacional de Sanidad, Inocuidad y Calidad Agroalimentaria (Senasica), asegur\u00f3 que la alerta viral se encuentra controlada, y dijo que se est\u00e1n realizando las pruebas de aislamiento viral para ver la reacci\u00f3n de la vacuna, y ver si a\u00fan cuenta con la efectividad que se obtuvo en la pasada epidemia.<\/p>\n<p>En entrevista a La Jornada, Ca\u00f1ez de la Fuente, se\u00f1al\u00f3 que la vacuna tiene que ser a la medida durante cada brote del virus, es decir, espec\u00edfica para el sub tipo de virus ya que, si se empieza a vacunar y no es el mismo virus del a\u00f1o pasado, el biol\u00f3gico quedar\u00eda sin efecto.<\/p>\n<p>A\u00f1adi\u00f3, que en Sonora se cuenta con la capacidad de reproducci\u00f3n de dosis, a fin de agilizar la vacunaci\u00f3n en el resto de la poblaci\u00f3n av\u00edcola, en donde asegur\u00f3 ser\u00e1 importante la participaci\u00f3n de los productores para iniciar los procesos cl\u00ednicos en sus granjas, y proteger el valor gen\u00e9tico de la avicultura, progenitores, reproducci\u00f3n y zonas de alto riesgo.<\/p>\n<p>FUENTE: LA JORNADA<\/p>\n<p>CR\u00c9DITOS FOTO: SAN DIEGO UNION TRIBUNE<\/p>\n<p>&nbsp;<\/p>\n","protected":false},"excerpt":{"rendered":"<p>Cajeme, Son. Un total de 90 mil aves de granja han sido sacrificadas en el Sur de Sonora a causa de virus de influenza aviar detectada el pasado fin de semana en esta regi\u00f3n; la Secretar\u00eda de Agricultura y Desarrollo Rural (Sader) expuso que trabajan para frenar los contagios de este virus y comenzar con [&hellip;]<\/p>\n","protected":false},"author":9,"featured_media":49320,"comment_status":"closed","ping_status":"closed","sticky":false,"template":"","format":"standard","meta":{"footnotes":""},"categories":[19],"tags":[10292,10293,10294,6068,5859],"class_list":["post-49319","post","type-post","status-publish","format-standard","has-post-thumbnail","hentry","category-nacional","tag-gripeaviar","tag-sacrifican90milaves","tag-sader","tag-sonora","tag-ultimas-noticias"],"_links":{"self":[{"href":"https:\/\/laultimapalabra.com.mx\/portal\/wp-json\/wp\/v2\/posts\/49319","targetHints":{"allow":["GET"]}}],"collection":[{"href":"https:\/\/laultimapalabra.com.mx\/portal\/wp-json\/wp\/v2\/posts"}],"about":[{"href":"https:\/\/laultimapalabra.com.mx\/portal\/wp-json\/wp\/v2\/types\/post"}],"author":[{"embeddable":true,"href":"https:\/\/laultimapalabra.com.mx\/portal\/wp-json\/wp\/v2\/users\/9"}],"replies":[{"embeddable":true,"href":"https:\/\/laultimapalabra.com.mx\/portal\/wp-json\/wp\/v2\/comments?post=49319"}],"version-history":[{"count":1,"href":"https:\/\/laultimapalabra.com.mx\/portal\/wp-json\/wp\/v2\/posts\/49319\/revisions"}],"predecessor-version":[{"id":49321,"href":"https:\/\/laultimapalabra.com.mx\/portal\/wp-json\/wp\/v2\/posts\/49319\/revisions\/49321"}],"wp:featuredmedia":[{"embeddable":true,"href":"https:\/\/laultimapalabra.com.mx\/portal\/wp-json\/wp\/v2\/media\/49320"}],"wp:attachment":[{"href":"https:\/\/laultimapalabra.com.mx\/portal\/wp-json\/wp\/v2\/media?parent=49319"}],"wp:term":[{"taxonomy":"category","embeddable":true,"href":"https:\/\/laultimapalabra.com.mx\/portal\/wp-json\/wp\/v2\/categories?post=49319"},{"taxonomy":"post_tag","embeddable":true,"href":"https:\/\/laultimapalabra.com.mx\/portal\/wp-json\/wp\/v2\/tags?post=49319"}],"curies":[{"name":"wp","href":"https:\/\/api.w.org\/{rel}","templated":true}]}}