                       {"id":49413,"date":"2023-11-02T12:18:20","date_gmt":"2023-11-02T18:18:20","guid":{"rendered":"https:\/\/laultimapalabra.com.mx\/portal\/?p=49413"},"modified":"2023-11-02T12:18:20","modified_gmt":"2023-11-02T18:18:20","slug":"el-rescate-de-las-zonas-devastadas-por-otis-no-tendra-limites-amlo","status":"publish","type":"post","link":"https:\/\/laultimapalabra.com.mx\/portal\/el-rescate-de-las-zonas-devastadas-por-otis-no-tendra-limites-amlo\/","title":{"rendered":"\u2018\u2018El rescate de las zonas devastadas por &#8216;Otis&#8217; no tendr\u00e1 l\u00edmites\u2019\u2019: AMLO"},"content":{"rendered":"<p>CDMX A pesar de la situaci\u00f3n en la que hoy se encuentra el nost\u00e1lgico puerto de Acapulco por la devastaci\u00f3n a causa del hurac\u00e1n Otis, el presidente Andr\u00e9s Manuel L\u00f3pez Obrador estim\u00f3 que en menos de dos a\u00f1os ese hist\u00f3rico sitio tur\u00edstico estar\u00e1 de nuevo en pie.<\/p>\n<p>Para conseguirlo, remarc\u00f3, no habr\u00e1 l\u00edmite presupuestal, y si se requiere ampliar los m\u00e1s de 61 mil millones de pesos que se destinar\u00e1n para la recuperaci\u00f3n de la zona siniestrada, incluido el municipio de Coyuca de Ben\u00edtez, as\u00ed se har\u00e1. Subray\u00f3 que en diciembre de este a\u00f1o se notar\u00e1n los primeros avances.<\/p>\n<p>Al presentar ayer en la ma\u00f1anera la primera etapa del Plan General de Reconstrucci\u00f3n y Apoyo a la Poblaci\u00f3n Afectada en Acapulco y Coyuca de Ben\u00edtez, el mandatario federal dej\u00f3 claro: No hay l\u00edmite, es un estimado de m\u00e1s de 60 mil millones (para esta fase), pero, si se requiere m\u00e1s, vamos a tener m\u00e1s.<\/p>\n<p>A pregunta expresa sobre los c\u00e1lculos de un sector del empresariado de que costar\u00e1 al menos dos a\u00f1os que Acapulco retome la normalidad, el jefe del Ejecutivo se dijo m\u00e1s optimista.<\/p>\n<p>Yo pienso que en menos tiempo. Y de inmediato, se interrog\u00f3: \u00bfCu\u00e1nto tiempo nos va a llevar que Acapulco vuelva a la normalidad en su totalidad? Va a depender, m\u00e1s que nada, de las inversiones que se hagan para restaurar, restablecer la hoteler\u00eda; pero las viviendas, lo que tiene que ver con la gente y el apoyo a la gente y los servicios p\u00fablicos, yo les dir\u00eda que ya en diciembre se van a notar ya los cambios, ya para diciembre.<\/p>\n<p>\u2013\u00bfAntes del 25 de diciembre? \u2013se le pregunt\u00f3.<\/p>\n<p>\u2013S\u00ed, queremos que la Navidad sea distinta, que no sea una amarga Navidad.<\/p>\n<p>Indic\u00f3 que este plan significar\u00e1 que en tres meses (de noviembre a enero) todas las familias damnificadas tendr\u00e1n garantizados alimentos, ingresos para pagar diversos servicios y hasta enseres dom\u00e9sticos, pues actualmente se cuenta con 5 mil paquetes de esas herramientas para el hogar.<\/p>\n<p>Es importante decir, en lo general, que contamos con presupuesto para financiar todas estas necesidades, estos programas, y que no consideremos el destinar estos recursos como gasto, sino que es una inversi\u00f3n. Afortunadamente tenemos finanzas p\u00fablicas sanas y se cuenta con los recursos sin l\u00edmite cuando se trata de beneficiar al pueblo, destac\u00f3.<\/p>\n<p>De su lado, la gobernadora de Guerrero, Evelyn Salgado, expuso que hasta la ma\u00f1ana de ayer la cifra oficial de muertos y desaparecidos se manten\u00eda en 46 y 58, de forma respectiva.<\/p>\n<p>Agreg\u00f3 que se ha establecido un programa emergente de b\u00fasqueda para dar con los no localizados, conformado por 31 c\u00e9lulas \u2013a la que en breve se sumar\u00e1n 10\u2013 en las que colaboran expertos de las comisiones nacionales y locales de Derechos Humanos, de la Secretar\u00eda de Gobernaci\u00f3n y de la Comisi\u00f3n Nacional de B\u00fasqueda.<\/p>\n<p>Hasta ahora, se ha localizado con vida a 394 personas que no ten\u00edan ning\u00fan tipo de contacto con sus seres queridos.<\/p>\n<p>Por la tarde, Jos\u00e9 Abugaber Andonie, dirigente de la Concamin, expres\u00f3 el apoyo de la industria al plan de reconstrucci\u00f3n anunciado por el presidente.<\/p>\n<p>La Concanaco-Servytur consider\u00f3 necesario que se incluyan otras medidas en materia de vivienda, laboral y fiscal para acelerar la recuperaci\u00f3n y atenuar la devastaci\u00f3n.<\/p>\n<p>En conferencia, su titular, H\u00e9ctor Tejada Shaar, reconoci\u00f3 que el plan recoge planteamientos propuestos por el sector terciario y estim\u00f3 que son apoyos preliminares que se empezar\u00e1n a aprovechar. No obstante, conforme avance la reconstrucci\u00f3n se necesitar\u00e1n otros.<\/p>\n<p>FUENTE: LA JORNADA<\/p>\n<p>CR\u00c9DITOS FOTO: LA JORNADA<\/p>\n<p>&nbsp;<\/p>\n","protected":false},"excerpt":{"rendered":"<p>CDMX A pesar de la situaci\u00f3n en la que hoy se encuentra el nost\u00e1lgico puerto de Acapulco por la devastaci\u00f3n a causa del hurac\u00e1n Otis, el presidente Andr\u00e9s Manuel L\u00f3pez Obrador estim\u00f3 que en menos de dos a\u00f1os ese hist\u00f3rico sitio tur\u00edstico estar\u00e1 de nuevo en pie. Para conseguirlo, remarc\u00f3, no habr\u00e1 l\u00edmite presupuestal, y [&hellip;]<\/p>\n","protected":false},"author":9,"featured_media":49414,"comment_status":"closed","ping_status":"closed","sticky":false,"template":"","format":"standard","meta":{"footnotes":""},"categories":[19],"tags":[3829,124,6253,3830,10327,10326,5859],"class_list":["post-49413","post","type-post","status-publish","format-standard","has-post-thumbnail","hentry","category-nacional","tag-acapulco","tag-amlo","tag-evelynsalgado","tag-guerrero","tag-nohabralimites","tag-plangeneraldereconstruccion","tag-ultimas-noticias"],"_links":{"self":[{"href":"https:\/\/laultimapalabra.com.mx\/portal\/wp-json\/wp\/v2\/posts\/49413","targetHints":{"allow":["GET"]}}],"collection":[{"href":"https:\/\/laultimapalabra.com.mx\/portal\/wp-json\/wp\/v2\/posts"}],"about":[{"href":"https:\/\/laultimapalabra.com.mx\/portal\/wp-json\/wp\/v2\/types\/post"}],"author":[{"embeddable":true,"href":"https:\/\/laultimapalabra.com.mx\/portal\/wp-json\/wp\/v2\/users\/9"}],"replies":[{"embeddable":true,"href":"https:\/\/laultimapalabra.com.mx\/portal\/wp-json\/wp\/v2\/comments?post=49413"}],"version-history":[{"count":1,"href":"https:\/\/laultimapalabra.com.mx\/portal\/wp-json\/wp\/v2\/posts\/49413\/revisions"}],"predecessor-version":[{"id":49415,"href":"https:\/\/laultimapalabra.com.mx\/portal\/wp-json\/wp\/v2\/posts\/49413\/revisions\/49415"}],"wp:featuredmedia":[{"embeddable":true,"href":"https:\/\/laultimapalabra.com.mx\/portal\/wp-json\/wp\/v2\/media\/49414"}],"wp:attachment":[{"href":"https:\/\/laultimapalabra.com.mx\/portal\/wp-json\/wp\/v2\/media?parent=49413"}],"wp:term":[{"taxonomy":"category","embeddable":true,"href":"https:\/\/laultimapalabra.com.mx\/portal\/wp-json\/wp\/v2\/categories?post=49413"},{"taxonomy":"post_tag","embeddable":true,"href":"https:\/\/laultimapalabra.com.mx\/portal\/wp-json\/wp\/v2\/tags?post=49413"}],"curies":[{"name":"wp","href":"https:\/\/api.w.org\/{rel}","templated":true}]}}