                       {"id":49421,"date":"2023-11-02T12:33:33","date_gmt":"2023-11-02T18:33:33","guid":{"rendered":"https:\/\/laultimapalabra.com.mx\/portal\/?p=49421"},"modified":"2023-11-02T12:33:33","modified_gmt":"2023-11-02T18:33:33","slug":"votan-187-paises-en-la-onu-para-poner-fin-al-bloqueo-de-eu-contra-cuba","status":"publish","type":"post","link":"https:\/\/laultimapalabra.com.mx\/portal\/votan-187-paises-en-la-onu-para-poner-fin-al-bloqueo-de-eu-contra-cuba\/","title":{"rendered":"Votan 187 pa\u00edses en la ONU para poner fin al bloqueo de EU contra Cuba"},"content":{"rendered":"<p>La Habana. Un total de 187 pa\u00edses votaron este jueves a favor de poner fin al bloqueo econ\u00f3mico, comercial y financiero que Estados Unidos impone a Cuba desde hace m\u00e1s de 60 a\u00f1os, durante una sesi\u00f3n efectuada en la Asamblea General de la ONU, con la oposici\u00f3n de EU e Israel y la abstenci\u00f3n de Ucrania.<\/p>\n<p>El embajador de Cuba en M\u00e9xico, Marcos Rodr\u00edguez Costa, agradeci\u00f3 a M\u00e9xico por su voto a favor de poner fin al bloqueo econ\u00f3mico por parte de Estados Unidos contra Cuba.<\/p>\n<p>&#8220;Agradecemos el tradicional respaldo de M\u00e9xico en Naciones Unidas a la resoluci\u00f3n que reclama el fin del bloqueo econ\u00f3mico, comercial y financiero del gobierno de Estados Unidos a Cuba. El mundo con la verdad y la justicia junto a nuestro pueblo&#8221;.<\/p>\n<p>&#8220;El mundo reclama el fin del bloqueo genocida contra Cuba. 187 (votos) a favor, dos en contra, una abstenci\u00f3n&#8221;, destac\u00f3 la Canciller\u00eda de Cuba en su cuenta en la red social X.<\/p>\n<p>FUENTE: LA JORNADA<\/p>\n<p>CR\u00c9DITOS FOTO: LA JORNADA<\/p>\n<p>&nbsp;<\/p>\n","protected":false},"excerpt":{"rendered":"<p>La Habana. Un total de 187 pa\u00edses votaron este jueves a favor de poner fin al bloqueo econ\u00f3mico, comercial y financiero que Estados Unidos impone a Cuba desde hace m\u00e1s de 60 a\u00f1os, durante una sesi\u00f3n efectuada en la Asamblea General de la ONU, con la oposici\u00f3n de EU e Israel y la abstenci\u00f3n de [&hellip;]<\/p>\n","protected":false},"author":9,"featured_media":49422,"comment_status":"closed","ping_status":"closed","sticky":false,"template":"","format":"standard","meta":{"footnotes":""},"categories":[16],"tags":[10331,5678,10332,10333,1660,5859],"class_list":["post-49421","post","type-post","status-publish","format-standard","has-post-thumbnail","hentry","category-internacional","tag-187paisesvotaronafavor","tag-estadosunidos","tag-findelbloqueoacuba","tag-mexicovotaafavor","tag-onu","tag-ultimas-noticias"],"_links":{"self":[{"href":"https:\/\/laultimapalabra.com.mx\/portal\/wp-json\/wp\/v2\/posts\/49421","targetHints":{"allow":["GET"]}}],"collection":[{"href":"https:\/\/laultimapalabra.com.mx\/portal\/wp-json\/wp\/v2\/posts"}],"about":[{"href":"https:\/\/laultimapalabra.com.mx\/portal\/wp-json\/wp\/v2\/types\/post"}],"author":[{"embeddable":true,"href":"https:\/\/laultimapalabra.com.mx\/portal\/wp-json\/wp\/v2\/users\/9"}],"replies":[{"embeddable":true,"href":"https:\/\/laultimapalabra.com.mx\/portal\/wp-json\/wp\/v2\/comments?post=49421"}],"version-history":[{"count":1,"href":"https:\/\/laultimapalabra.com.mx\/portal\/wp-json\/wp\/v2\/posts\/49421\/revisions"}],"predecessor-version":[{"id":49423,"href":"https:\/\/laultimapalabra.com.mx\/portal\/wp-json\/wp\/v2\/posts\/49421\/revisions\/49423"}],"wp:featuredmedia":[{"embeddable":true,"href":"https:\/\/laultimapalabra.com.mx\/portal\/wp-json\/wp\/v2\/media\/49422"}],"wp:attachment":[{"href":"https:\/\/laultimapalabra.com.mx\/portal\/wp-json\/wp\/v2\/media?parent=49421"}],"wp:term":[{"taxonomy":"category","embeddable":true,"href":"https:\/\/laultimapalabra.com.mx\/portal\/wp-json\/wp\/v2\/categories?post=49421"},{"taxonomy":"post_tag","embeddable":true,"href":"https:\/\/laultimapalabra.com.mx\/portal\/wp-json\/wp\/v2\/tags?post=49421"}],"curies":[{"name":"wp","href":"https:\/\/api.w.org\/{rel}","templated":true}]}}