                       {"id":49473,"date":"2023-11-03T12:20:43","date_gmt":"2023-11-03T18:20:43","guid":{"rendered":"https:\/\/laultimapalabra.com.mx\/portal\/?p=49473"},"modified":"2023-11-03T12:20:43","modified_gmt":"2023-11-03T18:20:43","slug":"normal-criticas-de-zedillo-y-calderon-al-proyecto-de-transformacion-amlo","status":"publish","type":"post","link":"https:\/\/laultimapalabra.com.mx\/portal\/normal-criticas-de-zedillo-y-calderon-al-proyecto-de-transformacion-amlo\/","title":{"rendered":"Normal, cr\u00edticas de Zedillo y Calder\u00f3n al proyecto de transformaci\u00f3n: AMLO"},"content":{"rendered":"<p>Ciudad de M\u00e9xico. El presidente Andr\u00e9s Manuel L\u00f3pez Obrador respondi\u00f3 este viernes a cr\u00edticas hechas recientemente por los ex presidentes Ernesto Zedillo y Felipe Calder\u00f3n, y sostuvo que es normal que ellos est\u00e9n en contra de su proyecto de transformaci\u00f3n, pues buscan el regreso del \u201cmodelo neoliberal o neoporfirista\u201d, de los privilegios y la corrupci\u00f3n.<\/p>\n<p>\u201cDeclaran en contra, todo es entendible, porque somos distintos, son dos proyectos, ellos defendieron el modelo neoliberal, fueron parte de la pol\u00edtica neoliberal, neoporfirista, que consisti\u00f3 en beneficiar a los de arriba a costa del pueblo. Nosotros pensamos distinto, de otra manera: \u2018Por el bien de todos, primero los pobres\u2019. Ellos defienden su proyecto. Como vienen las elecciones quisieran que regresara ese mismo modelo neoliberal de corrupci\u00f3n, de privilegios\u201d, dijo el jefe del Ejecutivo en su conferencia de prensa diaria en Palacio Nacional.<\/p>\n<p>Sobre Zedillo, L\u00f3pez Obrador dijo en tono burl\u00f3n que es un \u201cgran t\u00e9cnico\u201d y que se equivoc\u00f3 en 24 veces cuando estim\u00f3 que el costo del rescate bancario que hizo su gobierno a trav\u00e9s del Fobaproa ser\u00eda de 125 mil millones de pesos, cuando ascendi\u00f3 a 3 billones de pesos.<\/p>\n<p>\u201c\u00c9l es un experto, fin\u00edsima persona\u201d, expres\u00f3 L\u00f3pez Obrador sobre el ex presidente, a quien critic\u00f3 porque \u201ccuando la crisis de 1994-1995, en vez de recatar a los de abajo, rescata a los de arriba: banqueros, traficantes de influencias y convierte las deudas privadas de los de arriba en deuda p\u00fablica, porque de acuerdo a su mentalidad, su pensamiento conservador y retr\u00f3grada, si le iba a bien a los de arriba les iba bien a los de abajo\u201d.<\/p>\n<p>Adem\u00e1s, se\u00f1al\u00f3 que al concluir su mandato Zedillo \u201cse fue a trabajar en una empresa extranjera a la que le entreg\u00f3 los ferrocarriles nacionales, privatiza ferrocarriles, acaba con trenes de pasajeros y todav\u00eda terminando su gobierno se va a trabajar de asesor a una de esas empresas extranjeras\u201d.<\/p>\n<p>Dijo que Calder\u00f3n contin\u00fao con el modelo neoliberal y privatiz\u00f3 la industria el\u00e9ctrica, para luego irse a \u201ctrabajar de consejero a la empresa Iberdrola de Espa\u00f1a, despu\u00e9s de su gobierno, que fue la empresa m\u00e1s protegida en el proceso de privatizaci\u00f3n\u201d.<\/p>\n<p>FUENTE: LA JORNADA<\/p>\n<p>CR\u00c9DITOS FOTO: REGENERACI\u00d3N<\/p>\n<p>&nbsp;<\/p>\n","protected":false},"excerpt":{"rendered":"<p>Ciudad de M\u00e9xico. El presidente Andr\u00e9s Manuel L\u00f3pez Obrador respondi\u00f3 este viernes a cr\u00edticas hechas recientemente por los ex presidentes Ernesto Zedillo y Felipe Calder\u00f3n, y sostuvo que es normal que ellos est\u00e9n en contra de su proyecto de transformaci\u00f3n, pues buscan el regreso del \u201cmodelo neoliberal o neoporfirista\u201d, de los privilegios y la corrupci\u00f3n. [&hellip;]<\/p>\n","protected":false},"author":9,"featured_media":49474,"comment_status":"closed","ping_status":"closed","sticky":false,"template":"","format":"standard","meta":{"footnotes":""},"categories":[19],"tags":[124,4905,10362,10364,10365,10363,5859],"class_list":["post-49473","post","type-post","status-publish","format-standard","has-post-thumbnail","hentry","category-nacional","tag-amlo","tag-calderon","tag-ernestozedillo","tag-expresidentes","tag-fobaproa","tag-traidores","tag-ultimas-noticias"],"_links":{"self":[{"href":"https:\/\/laultimapalabra.com.mx\/portal\/wp-json\/wp\/v2\/posts\/49473","targetHints":{"allow":["GET"]}}],"collection":[{"href":"https:\/\/laultimapalabra.com.mx\/portal\/wp-json\/wp\/v2\/posts"}],"about":[{"href":"https:\/\/laultimapalabra.com.mx\/portal\/wp-json\/wp\/v2\/types\/post"}],"author":[{"embeddable":true,"href":"https:\/\/laultimapalabra.com.mx\/portal\/wp-json\/wp\/v2\/users\/9"}],"replies":[{"embeddable":true,"href":"https:\/\/laultimapalabra.com.mx\/portal\/wp-json\/wp\/v2\/comments?post=49473"}],"version-history":[{"count":1,"href":"https:\/\/laultimapalabra.com.mx\/portal\/wp-json\/wp\/v2\/posts\/49473\/revisions"}],"predecessor-version":[{"id":49475,"href":"https:\/\/laultimapalabra.com.mx\/portal\/wp-json\/wp\/v2\/posts\/49473\/revisions\/49475"}],"wp:featuredmedia":[{"embeddable":true,"href":"https:\/\/laultimapalabra.com.mx\/portal\/wp-json\/wp\/v2\/media\/49474"}],"wp:attachment":[{"href":"https:\/\/laultimapalabra.com.mx\/portal\/wp-json\/wp\/v2\/media?parent=49473"}],"wp:term":[{"taxonomy":"category","embeddable":true,"href":"https:\/\/laultimapalabra.com.mx\/portal\/wp-json\/wp\/v2\/categories?post=49473"},{"taxonomy":"post_tag","embeddable":true,"href":"https:\/\/laultimapalabra.com.mx\/portal\/wp-json\/wp\/v2\/tags?post=49473"}],"curies":[{"name":"wp","href":"https:\/\/api.w.org\/{rel}","templated":true}]}}