                       {"id":4951,"date":"2018-11-30T01:53:53","date_gmt":"2018-11-30T01:53:53","guid":{"rendered":"http:\/\/laultimapalabra.info\/?p=4951"},"modified":"2024-12-11T08:53:25","modified_gmt":"2024-12-11T14:53:25","slug":"me-divorcio-del-pan","status":"publish","type":"post","link":"https:\/\/laultimapalabra.com.mx\/portal\/me-divorcio-del-pan\/","title":{"rendered":"\u201cMe divorcio del PAN\u201d"},"content":{"rendered":"<p style=\"text-align: justify;\"><img loading=\"lazy\" decoding=\"async\" class=\"size-medium wp-image-4952 alignright\" src=\"https:\/\/laultimapalabra.com.mx\/portal\/wp-content\/uploads\/2018\/11\/base-300x225.jpg\" alt=\"\" width=\"300\" height=\"225\" \/>*Ventura Garc\u00eda abandona al albiazul porque no lo dejan llegar a la candidatura a alcald\u00eda.<\/p>\n<p style=\"text-align: justify;\">Miguel Oscar P\u00e9rez<br \/>\nCADEREYTA JIM\u00c9NEZ, N.L.-<br \/>\n\u201cHe tomado la decisi\u00f3n de renunciar al Partido Acci\u00f3n Nacional\u201d, dijo a pregunta expresa Ventura Garc\u00eda Ver\u00e1stegui, quien fuera miembro activo del partido albiazul desde el 2006, pero simpatizante desde muchos a\u00f1os atr\u00e1s.<br \/>\nArgument\u00f3 que deja al PAN por el abandono, porque ya se terminaron los valores y la esencia y porque ya no hay ideolog\u00eda en el partido: \u201cYo por eso tuve la decisi\u00f3n de renunciar a Acci\u00f3n Nacional\u201d, dijo tajante.<br \/>\n\u00bfPor qu\u00e9 la renuncia se da cuando termina la administraci\u00f3n?<br \/>\n\u201cYo sab\u00eda que me iban a preguntar eso. No renunci\u00e9 porque dije: -voy a empa\u00f1ar m\u00e1s al PAN- yo como panista yo quer\u00eda que ganara el PAN y ya termin\u00f3 la administraci\u00f3n y ahora si ya\u201d, acot\u00f3 el ex director de Fomento Agropecuario.<br \/>\nExplic\u00f3 que \u00e9l estaba satisfecho con la candidatura en su momento de Ricardo Cant\u00fa Sada, pero que el movimiento del partido para quitarlo y al ser el aludido un abanderado para ganar, del PAN al cambiarlo le faltaron el respeto a los panistas.<br \/>\nAunque Ventura no quiso nombrar a la situaci\u00f3n de Acci\u00f3n Nacional como un \u201csecuestro\u201d, acept\u00f3 que: \u201cYa nom\u00e1s trabajan para ellos\u201d.<br \/>\n\u00bfEntonces si est\u00e1 secuestrado?<br \/>\n\u201cPues as\u00ed se puede decir\u201d, dijo sin comprometerse con el adjetivo.<br \/>\nPresent\u00f3 a los reporteros en la rueda de prensa la carta de renuncia que entregar\u00e1 a Mauro Guerra, Presidente del PAN estatal, con copia a Cecilia de la Paz, presidente del albiazul en Cadereyta.<br \/>\nAcept\u00f3 que hay gente inconforme dentro de Acci\u00f3n Nacional, pero dijo no saber si habr\u00e1 m\u00e1s renuncias a su ex partido.<br \/>\nDijo que se retira del PAN, m\u00e1s no de la pol\u00edtica y que su salida no es para irse a otro partido de momento, pero que no descarta que lo pueda invitar o \u201ccobijar\u201d otro instituto pol\u00edtico.<br \/>\nEl tambi\u00e9n l\u00edder del sindicato independiente de la Organizaci\u00f3n Reynera, reconoci\u00f3 que siempre ha tenido las aspiraciones de ser alcalde de Cadereyta y que por el PAN nunca se iba a recibir la candidatura.<br \/>\n\u201cDe perdido alcalde, porque yo s\u00e9 que puedo se alcalde, porque para ser el alcalde nom\u00e1s necesitas ser mexicano. Si puedo llegar a la alcald\u00eda\u201d, dijo el pol\u00edtico.<br \/>\nSi pudi\u00e9ramos ponerle nombre y apellido a las personas que est\u00e1n manejando al PAN por lo que t\u00fa te retiras \u00bfQui\u00e9nes ser\u00edan esas personas?<br \/>\n\u201cMauro Guerra y Cecilia de la Paz\u201d, dijo.<br \/>\nDenunci\u00f3 que ambos se olvidaron del partido y que tanto en Cadereyta como a nivel estado sus dirigentes no han convocado a asambleas mensuales, como lo marcan los estatutos.<br \/>\nCritic\u00f3 adem\u00e1s la acci\u00f3n de De la Paz Ibarra quien como l\u00edder municipal de su partido no hizo nada y lo abandono, para dedicarse a ser regidora y candidata a la diputaci\u00f3n del Distrito 23 local.<br \/>\nMencion\u00f3 que en el a\u00f1o 2015 eran precandidatos, \u00e9l, Juan Cant\u00fa Guerra y el doctor Preciado y ten\u00edan un acuerdo de caballeros que declinar\u00edan a favor del ahora ex alcalde, pero que llegando el 2018, Preciado apoyar\u00eda a uno de ellos, lo cual no fue as\u00ed, ya que el cuestionado ex alcalde buscaba la reelecci\u00f3n, que no se lo permiti\u00f3 el PAN estatal.<br \/>\nPor \u00faltimo concluy\u00f3 que una de las razones m\u00e1s poderosas de su renuncia al PAN, fue porque no se respetaron los acuerdos y por no haber cabida a sus aspiraciones de ser alcalde de Cadereyta<\/p>\n","protected":false},"excerpt":{"rendered":"<p>*Ventura Garc\u00eda abandona al albiazul porque no lo dejan llegar a la candidatura a alcald\u00eda. Miguel Oscar P\u00e9rez CADEREYTA JIM\u00c9NEZ, N.L.- \u201cHe tomado la decisi\u00f3n de renunciar al Partido Acci\u00f3n Nacional\u201d, dijo a pregunta expresa Ventura Garc\u00eda Ver\u00e1stegui, quien fuera miembro activo del partido albiazul desde el 2006, pero simpatizante desde muchos a\u00f1os atr\u00e1s. Argument\u00f3 [&hellip;]<\/p>\n","protected":false},"author":9,"featured_media":4952,"comment_status":"open","ping_status":"closed","sticky":false,"template":"","format":"standard","meta":{"footnotes":""},"categories":[17],"tags":[510,1516,1692,2299],"class_list":["post-4951","post","type-post","status-publish","format-standard","has-post-thumbnail","hentry","category-locales-cadereyta","tag-cecilia-de-la-paz","tag-mauro-guerra","tag-pan-cadereyta","tag-ventura-garcia-verastegui"],"_links":{"self":[{"href":"https:\/\/laultimapalabra.com.mx\/portal\/wp-json\/wp\/v2\/posts\/4951","targetHints":{"allow":["GET"]}}],"collection":[{"href":"https:\/\/laultimapalabra.com.mx\/portal\/wp-json\/wp\/v2\/posts"}],"about":[{"href":"https:\/\/laultimapalabra.com.mx\/portal\/wp-json\/wp\/v2\/types\/post"}],"author":[{"embeddable":true,"href":"https:\/\/laultimapalabra.com.mx\/portal\/wp-json\/wp\/v2\/users\/9"}],"replies":[{"embeddable":true,"href":"https:\/\/laultimapalabra.com.mx\/portal\/wp-json\/wp\/v2\/comments?post=4951"}],"version-history":[{"count":1,"href":"https:\/\/laultimapalabra.com.mx\/portal\/wp-json\/wp\/v2\/posts\/4951\/revisions"}],"predecessor-version":[{"id":65686,"href":"https:\/\/laultimapalabra.com.mx\/portal\/wp-json\/wp\/v2\/posts\/4951\/revisions\/65686"}],"wp:featuredmedia":[{"embeddable":true,"href":"https:\/\/laultimapalabra.com.mx\/portal\/wp-json\/"}],"wp:attachment":[{"href":"https:\/\/laultimapalabra.com.mx\/portal\/wp-json\/wp\/v2\/media?parent=4951"}],"wp:term":[{"taxonomy":"category","embeddable":true,"href":"https:\/\/laultimapalabra.com.mx\/portal\/wp-json\/wp\/v2\/categories?post=4951"},{"taxonomy":"post_tag","embeddable":true,"href":"https:\/\/laultimapalabra.com.mx\/portal\/wp-json\/wp\/v2\/tags?post=4951"}],"curies":[{"name":"wp","href":"https:\/\/api.w.org\/{rel}","templated":true}]}}