                       {"id":49561,"date":"2023-11-05T08:14:46","date_gmt":"2023-11-05T14:14:46","guid":{"rendered":"https:\/\/laultimapalabra.com.mx\/portal\/?p=49561"},"modified":"2023-11-05T08:41:27","modified_gmt":"2023-11-05T14:41:27","slug":"resulta-lesionado-tras-quedar-prensado-en-choque","status":"publish","type":"post","link":"https:\/\/laultimapalabra.com.mx\/portal\/resulta-lesionado-tras-quedar-prensado-en-choque\/","title":{"rendered":"Resulta lesionado tras quedar prensado en choque"},"content":{"rendered":"\n<p>Cadereyta Jim\u00e9nez, N.L.- Un trabajador de PEMEX, result\u00f3 con lesiones de consideraci\u00f3n tras quedar prensado en un choque frontal contra un tr\u00e1iler, adem\u00e1s de otra camioneta que se vi\u00f3 involucrada.<br \/>El accidente ocurri\u00f3 en la carretera Cadereyta-Allende en el kil\u00f3metro 5.5 en la entrada hacia San Bartolo, en el municipio de Cadereyta.<br \/>Al parecer el accidente ocurri\u00f3 debido a que una camioneta GMC en color guindo, cargada con barrotes iba a ingresar hacia el camino a San Bartolo, por lo que se detuvo en sobre el carril de circulaci\u00f3n.<br \/>El conductor de la camioneta Nissan de color blanco de PEMEX, presuntamente circulaba a exceso de velocidad, por lo que al frenarse la camioneta GMC trato de sacarle vuelta, sin embargo la impact\u00f3 y perdi\u00f3 el control chocando de frente contra un tr\u00e1iler de la l\u00ednea Transportes Seis Hermanos.<br \/>Param\u00e9dicos de Servicios de Emergencia y Protecci\u00f3n Civil de Cadereyta, r\u00e1pidamente arribaron al sitio y con equipo hidr\u00e1ulico sacaron al conductor de la camioneta, para trasladarlo hacia el Hospital de PEMEX.<br \/>La vialidad se vi\u00f3 afectada por varios minutos, ya que el auto tanque del tr\u00e1iler qued\u00f3 sobre el acotamiento en direcci\u00f3n hacia Cadereyta, mientras la camioneta GMC, permaneci\u00f3 en el carril en direcci\u00f3n hacia Allende.<br \/>Los rescatistas eliminaron riesgos en la zona y abanderaron el sitio, mientras arribaban agentes de la Guardia Nacional, quienes se encargaron de realizar las indagatorias y deslindar responsabilidades.<\/p>\n\n\n\n<figure class=\"wp-block-image size-large\"><img loading=\"lazy\" decoding=\"async\" width=\"1024\" height=\"768\" src=\"https:\/\/laultimapalabra.com.mx\/portal\/wp-content\/uploads\/2023\/11\/picsart_23-11-05_08-38-33-0423698229858730181994-1024x768.jpg\" alt=\"\" class=\"wp-image-49564\" srcset=\"https:\/\/laultimapalabra.com.mx\/portal\/wp-content\/uploads\/2023\/11\/picsart_23-11-05_08-38-33-0423698229858730181994-1024x768.jpg 1024w, https:\/\/laultimapalabra.com.mx\/portal\/wp-content\/uploads\/2023\/11\/picsart_23-11-05_08-38-33-0423698229858730181994-300x225.jpg 300w, https:\/\/laultimapalabra.com.mx\/portal\/wp-content\/uploads\/2023\/11\/picsart_23-11-05_08-38-33-0423698229858730181994-768x576.jpg 768w, https:\/\/laultimapalabra.com.mx\/portal\/wp-content\/uploads\/2023\/11\/picsart_23-11-05_08-38-33-0423698229858730181994-1536x1152.jpg 1536w, https:\/\/laultimapalabra.com.mx\/portal\/wp-content\/uploads\/2023\/11\/picsart_23-11-05_08-38-33-0423698229858730181994.jpg 1600w\" sizes=\"auto, (max-width: 1024px) 100vw, 1024px\" \/><\/figure>\n\n\n\n<figure class=\"wp-block-image\"><img loading=\"lazy\" decoding=\"async\" width=\"1024\" height=\"768\" src=\"https:\/\/laultimapalabra.com.mx\/portal\/wp-content\/uploads\/2023\/11\/picsart_23-11-05_08-39-29-8013041182055214166509-1024x768.jpg\" alt=\"\" class=\"wp-image-49566\" srcset=\"https:\/\/laultimapalabra.com.mx\/portal\/wp-content\/uploads\/2023\/11\/picsart_23-11-05_08-39-29-8013041182055214166509-1024x768.jpg 1024w, https:\/\/laultimapalabra.com.mx\/portal\/wp-content\/uploads\/2023\/11\/picsart_23-11-05_08-39-29-8013041182055214166509-300x225.jpg 300w, https:\/\/laultimapalabra.com.mx\/portal\/wp-content\/uploads\/2023\/11\/picsart_23-11-05_08-39-29-8013041182055214166509-768x576.jpg 768w, https:\/\/laultimapalabra.com.mx\/portal\/wp-content\/uploads\/2023\/11\/picsart_23-11-05_08-39-29-8013041182055214166509-1536x1152.jpg 1536w, https:\/\/laultimapalabra.com.mx\/portal\/wp-content\/uploads\/2023\/11\/picsart_23-11-05_08-39-29-8013041182055214166509.jpg 1600w\" sizes=\"auto, (max-width: 1024px) 100vw, 1024px\" \/><\/figure>\n\n\n\n<figure class=\"wp-block-image\"><img loading=\"lazy\" decoding=\"async\" width=\"1024\" height=\"768\" src=\"https:\/\/laultimapalabra.com.mx\/portal\/wp-content\/uploads\/2023\/11\/picsart_23-11-05_08-40-39-0347163529405059162186-1024x768.jpg\" alt=\"\" class=\"wp-image-49565\" srcset=\"https:\/\/laultimapalabra.com.mx\/portal\/wp-content\/uploads\/2023\/11\/picsart_23-11-05_08-40-39-0347163529405059162186-1024x768.jpg 1024w, https:\/\/laultimapalabra.com.mx\/portal\/wp-content\/uploads\/2023\/11\/picsart_23-11-05_08-40-39-0347163529405059162186-300x225.jpg 300w, https:\/\/laultimapalabra.com.mx\/portal\/wp-content\/uploads\/2023\/11\/picsart_23-11-05_08-40-39-0347163529405059162186-768x576.jpg 768w, https:\/\/laultimapalabra.com.mx\/portal\/wp-content\/uploads\/2023\/11\/picsart_23-11-05_08-40-39-0347163529405059162186-1536x1152.jpg 1536w, https:\/\/laultimapalabra.com.mx\/portal\/wp-content\/uploads\/2023\/11\/picsart_23-11-05_08-40-39-0347163529405059162186.jpg 1600w\" sizes=\"auto, (max-width: 1024px) 100vw, 1024px\" \/><\/figure>\n","protected":false},"excerpt":{"rendered":"<p>Cadereyta Jim\u00e9nez, N.L.- Un trabajador de PEMEX, result\u00f3 con lesiones de consideraci\u00f3n tras quedar prensado en un choque frontal contra un tr\u00e1iler, adem\u00e1s de otra camioneta que se vi\u00f3 involucrada.El accidente ocurri\u00f3 en la carretera Cadereyta-Allende en el kil\u00f3metro 5.5 en la entrada hacia San Bartolo, en el municipio de Cadereyta.Al parecer el accidente ocurri\u00f3 [&hellip;]<\/p>\n","protected":false},"author":7,"featured_media":49563,"comment_status":"closed","ping_status":"closed","sticky":false,"template":"","format":"standard","meta":{"footnotes":""},"categories":[1],"tags":[8765,4394,5128,9243],"class_list":["post-49561","post","type-post","status-publish","format-standard","has-post-thumbnail","hentry","category-noticias","tag-aparatoso-choque","tag-choque-frontal","tag-lesionado","tag-san-bartolo"],"_links":{"self":[{"href":"https:\/\/laultimapalabra.com.mx\/portal\/wp-json\/wp\/v2\/posts\/49561","targetHints":{"allow":["GET"]}}],"collection":[{"href":"https:\/\/laultimapalabra.com.mx\/portal\/wp-json\/wp\/v2\/posts"}],"about":[{"href":"https:\/\/laultimapalabra.com.mx\/portal\/wp-json\/wp\/v2\/types\/post"}],"author":[{"embeddable":true,"href":"https:\/\/laultimapalabra.com.mx\/portal\/wp-json\/wp\/v2\/users\/7"}],"replies":[{"embeddable":true,"href":"https:\/\/laultimapalabra.com.mx\/portal\/wp-json\/wp\/v2\/comments?post=49561"}],"version-history":[{"count":2,"href":"https:\/\/laultimapalabra.com.mx\/portal\/wp-json\/wp\/v2\/posts\/49561\/revisions"}],"predecessor-version":[{"id":49567,"href":"https:\/\/laultimapalabra.com.mx\/portal\/wp-json\/wp\/v2\/posts\/49561\/revisions\/49567"}],"wp:featuredmedia":[{"embeddable":true,"href":"https:\/\/laultimapalabra.com.mx\/portal\/wp-json\/wp\/v2\/media\/49563"}],"wp:attachment":[{"href":"https:\/\/laultimapalabra.com.mx\/portal\/wp-json\/wp\/v2\/media?parent=49561"}],"wp:term":[{"taxonomy":"category","embeddable":true,"href":"https:\/\/laultimapalabra.com.mx\/portal\/wp-json\/wp\/v2\/categories?post=49561"},{"taxonomy":"post_tag","embeddable":true,"href":"https:\/\/laultimapalabra.com.mx\/portal\/wp-json\/wp\/v2\/tags?post=49561"}],"curies":[{"name":"wp","href":"https:\/\/api.w.org\/{rel}","templated":true}]}}