                       {"id":4966,"date":"2018-11-30T02:07:25","date_gmt":"2018-11-30T02:07:25","guid":{"rendered":"http:\/\/laultimapalabra.info\/?p=4966"},"modified":"2024-12-11T08:53:25","modified_gmt":"2024-12-11T14:53:25","slug":"usted-tiene-la-ultima-palabra-42","status":"publish","type":"post","link":"https:\/\/laultimapalabra.com.mx\/portal\/usted-tiene-la-ultima-palabra-42\/","title":{"rendered":"Usted tiene&#8230;La \u00daltima Palabra"},"content":{"rendered":"<p style=\"text-align: justify;\"><img loading=\"lazy\" decoding=\"async\" class=\"size-medium wp-image-390 alignleft\" src=\"https:\/\/laultimapalabra.com.mx\/portal\/wp-content\/uploads\/2018\/02\/28169846_1705449459476714_78449556_o-203x300.jpg\" alt=\"\" width=\"203\" height=\"300\" \/>Reprobado<\/p>\n<p style=\"text-align: justify;\">Por: Ing. Jes\u00fas Herrera R\u00e1bago<\/p>\n<p style=\"text-align: justify;\">Hoy es el \u00faltimo d\u00eda del sexenio de Enrique Pe\u00f1a Nieto, y al calificar su sexenio, la mayor\u00eda de la gente dice que como Presidente est\u00e1 reprobado. Si buscamos el significado encontramos dos acepciones, la primera es un adjetivo que se refiere a alguien \u201ccondenado a las penas eternas\u201d, la segunda, hace referencia a una \u201ccalificaci\u00f3n de suspenso\u201d.<br \/>\nLa primera es muy fuerte y no creo que la mayor\u00eda se las desee, acord\u00e9monos que los mexicanos somos muy ben\u00e9volos e inmediatamente decimos: \u201c\u00bfQui\u00e9n soy yo para condenarlo al infierno?\u201d y dejamos todo en las manos de Dios que dicte ese tipo de castigo.<br \/>\nObviamente no niego que algunos tengan ese sentimiento contra Pe\u00f1a Nieto y quieran que su castigo llegue m\u00e1s all\u00e1 de esta vida, sin embargo, creo que la mayor\u00eda quiere expresar la segunda, aunque es claro que no se refiere a que el veredicto est\u00e9 en suspenso porque este diferida la resoluci\u00f3n o su cumplimiento, pues me parece que desde hace muy buen tiempo los mexicanos ten\u00edan su decisi\u00f3n.<br \/>\nPor ello, lo que en el sentido popular se quiere decir es que la calificaci\u00f3n no llega al nivel de aprobado. De forma cuantitativa es claro este rechazo, 7 de cada 10 mexicanos desaprueban la forma como el todav\u00eda hoy presidente desempe\u00f1\u00f3 su cargo. Por si esto fuera poco, de esos tres que quedan solo 2 lo aprueban y uno es indiferente. Por lo tanto termin\u00f3 con un 20% de aceptaci\u00f3n.<br \/>\nHace varios sexenios que no se ve\u00eda terminar a un mandatario con esos niveles, pues consideran que todo lo malo aument\u00f3 escandalosamente: la corrupci\u00f3n, la pobreza, la inseguridad p\u00fablica y la violencia.<br \/>\nQuiz\u00e1 lo m\u00e1s grave ha sido los niveles de corrupci\u00f3n han llegado a nivel nunca antes visto, son miles de millones que en actos corruptos se han ido, todo a un gobierno que de manera c\u00ednica y descarada los solap\u00f3 quedando todos impunes. Basta ver la creaci\u00f3n de empresas fantasmas que se convirti\u00f3 en su principal forma de operar.<br \/>\nEsto seguro que m\u00e1s de alguno podr\u00e1 decir que esto no es nuevo, que siempre ha existido, pero mi parecer es que se rebas\u00f3 por mucho los niveles que hab\u00edamos visto. Para darnos cuenta del nivel de corrupci\u00f3n que se foment\u00f3, hay algunos estudios los cuales afirman que en la econom\u00eda familiar el 33% del ingreso se diluye en actos de corrupci\u00f3n, de manera directa o indirecta, y lo peor, aun sin darnos cuenta.<br \/>\nTodo esto tiene un origen: nunca tuvimos un Presidente con liderazgo y autoridad, lo cual hizo que hubiera muchos vac\u00edos de poder, que obviamente muchos de sus mismos subalternos los tomaron haciendo y deshaciendo y ah\u00ed precisamente radic\u00f3 el principal problema de esta administraci\u00f3n.<br \/>\nAs\u00ed las cosas, la mala noticia es que nos dejan un pa\u00eds con m\u00e1s de cincuenta millones de pobres y un estado con estructuras p\u00fablicas d\u00e9biles, la buena noticia es que ya se va, y si de algo sirve de consuelo, lo bueno es que no le seguiremos pagando su pensi\u00f3n.<br \/>\nEsta es mi opini\u00f3n, usted tiene La \u00daltima Palabra.<\/p>\n","protected":false},"excerpt":{"rendered":"<p>Reprobado Por: Ing. Jes\u00fas Herrera R\u00e1bago Hoy es el \u00faltimo d\u00eda del sexenio de Enrique Pe\u00f1a Nieto, y al calificar su sexenio, la mayor\u00eda de la gente dice que como Presidente est\u00e1 reprobado. Si buscamos el significado encontramos dos acepciones, la primera es un adjetivo que se refiere a alguien \u201ccondenado a las penas eternas\u201d, [&hellip;]<\/p>\n","protected":false},"author":9,"featured_media":390,"comment_status":"open","ping_status":"closed","sticky":false,"template":"","format":"standard","meta":{"footnotes":""},"categories":[1],"tags":[1278],"class_list":["post-4966","post","type-post","status-publish","format-standard","has-post-thumbnail","hentry","category-noticias","tag-ing-jesus-herrera-rabago"],"_links":{"self":[{"href":"https:\/\/laultimapalabra.com.mx\/portal\/wp-json\/wp\/v2\/posts\/4966","targetHints":{"allow":["GET"]}}],"collection":[{"href":"https:\/\/laultimapalabra.com.mx\/portal\/wp-json\/wp\/v2\/posts"}],"about":[{"href":"https:\/\/laultimapalabra.com.mx\/portal\/wp-json\/wp\/v2\/types\/post"}],"author":[{"embeddable":true,"href":"https:\/\/laultimapalabra.com.mx\/portal\/wp-json\/wp\/v2\/users\/9"}],"replies":[{"embeddable":true,"href":"https:\/\/laultimapalabra.com.mx\/portal\/wp-json\/wp\/v2\/comments?post=4966"}],"version-history":[{"count":1,"href":"https:\/\/laultimapalabra.com.mx\/portal\/wp-json\/wp\/v2\/posts\/4966\/revisions"}],"predecessor-version":[{"id":65698,"href":"https:\/\/laultimapalabra.com.mx\/portal\/wp-json\/wp\/v2\/posts\/4966\/revisions\/65698"}],"wp:featuredmedia":[{"embeddable":true,"href":"https:\/\/laultimapalabra.com.mx\/portal\/wp-json\/"}],"wp:attachment":[{"href":"https:\/\/laultimapalabra.com.mx\/portal\/wp-json\/wp\/v2\/media?parent=4966"}],"wp:term":[{"taxonomy":"category","embeddable":true,"href":"https:\/\/laultimapalabra.com.mx\/portal\/wp-json\/wp\/v2\/categories?post=4966"},{"taxonomy":"post_tag","embeddable":true,"href":"https:\/\/laultimapalabra.com.mx\/portal\/wp-json\/wp\/v2\/tags?post=4966"}],"curies":[{"name":"wp","href":"https:\/\/api.w.org\/{rel}","templated":true}]}}