                       {"id":49698,"date":"2023-11-07T21:58:20","date_gmt":"2023-11-08T03:58:20","guid":{"rendered":"https:\/\/laultimapalabra.com.mx\/portal\/?p=49698"},"modified":"2023-11-07T21:59:20","modified_gmt":"2023-11-08T03:59:20","slug":"buscan-a-yasmin-alejandra-espinosa-y-su-hijo","status":"publish","type":"post","link":"https:\/\/laultimapalabra.com.mx\/portal\/buscan-a-yasmin-alejandra-espinosa-y-su-hijo\/","title":{"rendered":"Buscan a Yasm\u00edn Alejandra Espinosa y su hijo"},"content":{"rendered":"\n<p>Ju\u00e1rez, N.L.-La joven madre Yasmin Alejandra Espinosa Gonz\u00e1lez, de 18 a\u00f1os de edad, es buscada desde el domingo pasado junto con su hijo Joel Hern\u00e1ndez Espinosa, despu\u00e9s de salir de su hogar y desaparecer.<br>Yasm\u00edn Alejandra, quien sufre de trastornos de aprendizaje y lenguaje, dej\u00f3 su casa ubicada en el fraccionamiento Santa Julia a las dos de la tarde del d\u00eda se\u00f1alado acompa\u00f1ada con su beb\u00e9 de un a\u00f1o dos meses.<br>Como se\u00f1a particular la mujer tiene una cicatriz de una cirug\u00eda en el abdomen.<br>Si alguien tiene alg\u00fan dato que pudiera dar con el paradero de Yasmin Alejandra y Joel, favor de reportarlo al tel\u00e9fono 81 3191 9497 con la se\u00f1ora Karla Abrego.<\/p>\n","protected":false},"excerpt":{"rendered":"<p>Ju\u00e1rez, N.L.-La joven madre Yasmin Alejandra Espinosa Gonz\u00e1lez, de 18 a\u00f1os de edad, es buscada desde el domingo pasado junto con su hijo Joel Hern\u00e1ndez Espinosa, despu\u00e9s de salir de su hogar y desaparecer.Yasm\u00edn Alejandra, quien sufre de trastornos de aprendizaje y lenguaje, dej\u00f3 su casa ubicada en el fraccionamiento Santa Julia a las dos [&hellip;]<\/p>\n","protected":false},"author":7,"featured_media":49697,"comment_status":"closed","ping_status":"closed","sticky":false,"template":"","format":"standard","meta":{"footnotes":""},"categories":[4272],"tags":[9105,10421,7571,1355],"class_list":["post-49698","post","type-post","status-publish","format-standard","has-post-thumbnail","hentry","category-reportes-de-busqueda","tag-ayudanos-a-localizar","tag-desparece-joven-y-su-hijo","tag-desparecidos","tag-juarez"],"_links":{"self":[{"href":"https:\/\/laultimapalabra.com.mx\/portal\/wp-json\/wp\/v2\/posts\/49698","targetHints":{"allow":["GET"]}}],"collection":[{"href":"https:\/\/laultimapalabra.com.mx\/portal\/wp-json\/wp\/v2\/posts"}],"about":[{"href":"https:\/\/laultimapalabra.com.mx\/portal\/wp-json\/wp\/v2\/types\/post"}],"author":[{"embeddable":true,"href":"https:\/\/laultimapalabra.com.mx\/portal\/wp-json\/wp\/v2\/users\/7"}],"replies":[{"embeddable":true,"href":"https:\/\/laultimapalabra.com.mx\/portal\/wp-json\/wp\/v2\/comments?post=49698"}],"version-history":[{"count":1,"href":"https:\/\/laultimapalabra.com.mx\/portal\/wp-json\/wp\/v2\/posts\/49698\/revisions"}],"predecessor-version":[{"id":49699,"href":"https:\/\/laultimapalabra.com.mx\/portal\/wp-json\/wp\/v2\/posts\/49698\/revisions\/49699"}],"wp:featuredmedia":[{"embeddable":true,"href":"https:\/\/laultimapalabra.com.mx\/portal\/wp-json\/wp\/v2\/media\/49697"}],"wp:attachment":[{"href":"https:\/\/laultimapalabra.com.mx\/portal\/wp-json\/wp\/v2\/media?parent=49698"}],"wp:term":[{"taxonomy":"category","embeddable":true,"href":"https:\/\/laultimapalabra.com.mx\/portal\/wp-json\/wp\/v2\/categories?post=49698"},{"taxonomy":"post_tag","embeddable":true,"href":"https:\/\/laultimapalabra.com.mx\/portal\/wp-json\/wp\/v2\/tags?post=49698"}],"curies":[{"name":"wp","href":"https:\/\/api.w.org\/{rel}","templated":true}]}}