                       {"id":49717,"date":"2023-11-08T11:59:59","date_gmt":"2023-11-08T17:59:59","guid":{"rendered":"https:\/\/laultimapalabra.com.mx\/portal\/?p=49717"},"modified":"2023-11-08T12:00:08","modified_gmt":"2023-11-08T18:00:08","slug":"tragico-fin-de-una-cascarita-estudiante-que-se-habia-hecho-la-pinta-pierde-la-vida-al-caerle-encima-una-porteria","status":"publish","type":"post","link":"https:\/\/laultimapalabra.com.mx\/portal\/tragico-fin-de-una-cascarita-estudiante-que-se-habia-hecho-la-pinta-pierde-la-vida-al-caerle-encima-una-porteria\/","title":{"rendered":"Tr\u00e1gico fin de una cascarita  Estudiante que se hab\u00eda hecho la \u201cpinta\u201d pierde la vida al caerle encima una porter\u00eda\u00a0"},"content":{"rendered":"<p>Ciudad Madero, Tamps. &#8211; Un ni\u00f1o de apenas 12 a\u00f1os de edad perdi\u00f3 la vida en un parque p\u00fablico de la colonia Solidaridad Voluntad y Trabajo, conocida como &#8220;La Borreguera&#8221;, al colgarse de una porter\u00eda met\u00e1lica que le cay\u00f3 encima mientras jugaba futbol con algunos compa\u00f1eros, caus\u00e1ndole grave lesi\u00f3n que lo privaron de la existencia de manera instant\u00e1nea.<\/p>\n<p>El incidente ocurri\u00f3 la tarde de este lunes en el \u00e1rea recreativa ubicada a un costado de La Galera, seg\u00fan reportaron autoridades que se movilizaron al sitio. El menor se asi\u00f3 de la porter\u00eda y aparentemente por las malas condiciones en las que esta se encontraba le cay\u00f3 encima, provoc\u00e1ndole un fuerte golpe que acab\u00f3 con su existencia.<\/p>\n<p>Las primeras investigaciones llevadas a cabo por autoridades y cuerpos de emergencia arrojaron que el peque\u00f1o A. M., de 12 a\u00f1os de edad y residente de la colonia Fovissste, ubicada en la zona norte de Tampico, era alumno de la Escuela Secundaria N\u00famero 6 turno vespertino de la colonia Natividad Garza Leal, de la cual aparentemente se hab\u00eda salido de clases para irse a \u201ccascarear\u201d.<\/p>\n<p>Trascendi\u00f3 que el hoy occiso, al momento de ocurrido el accidente, jugaba con tres compa\u00f1eros en las canchas deportivas ubicadas en calle Luxemburgo esquina con Filipinas y Pakist\u00e1n de la misma \u201cBorreguera\u201d, cuando se balance\u00f3 de la porter\u00eda, que tr\u00e1gicamente se le vino encima, por lo que sufri\u00f3 aplastamiento de cabeza con expulsi\u00f3n de masa encef\u00e1lica.<\/p>\n<p>Al lugar de la tragedia lleg\u00f3 el padre del menor, identificado como Felipe de Jes\u00fas N, quien corrobor\u00f3 a las autoridades que el ni\u00f1o deber\u00eda haber estado en sus clases en la secundaria y que no se explicaba que hac\u00eda en las canchas, lo que apunta a que junto a los otros menores se fue de \u201cpinta\u201d, continuando con la integraci\u00f3n de la carpeta de investigaci\u00f3n el personal de la Fiscal\u00eda General de Justicia del Estado.<\/p>\n<p>(Colectivo de Periodistas CODEP)<\/p>\n<p>Fuente y cr\u00e9ditos foto: Vox Populi Huaxteca<\/p>\n<p>&nbsp;<\/p>\n<p>&nbsp;<\/p>\n","protected":false},"excerpt":{"rendered":"<p>Ciudad Madero, Tamps. &#8211; Un ni\u00f1o de apenas 12 a\u00f1os de edad perdi\u00f3 la vida en un parque p\u00fablico de la colonia Solidaridad Voluntad y Trabajo, conocida como &#8220;La Borreguera&#8221;, al colgarse de una porter\u00eda met\u00e1lica que le cay\u00f3 encima mientras jugaba futbol con algunos compa\u00f1eros, caus\u00e1ndole grave lesi\u00f3n que lo privaron de la existencia [&hellip;]<\/p>\n","protected":false},"author":9,"featured_media":49718,"comment_status":"closed","ping_status":"closed","sticky":false,"template":"","format":"standard","meta":{"footnotes":""},"categories":[9659],"tags":[10429,10427,10428,10426,5859],"class_list":["post-49717","post","type-post","status-publish","format-standard","has-post-thumbnail","hentry","category-region-huasteca","tag-ciudadmaderotamaulipas","tag-laborreguera","tag-lecaeencimaporteria","tag-mueremenor","tag-ultimas-noticias"],"_links":{"self":[{"href":"https:\/\/laultimapalabra.com.mx\/portal\/wp-json\/wp\/v2\/posts\/49717","targetHints":{"allow":["GET"]}}],"collection":[{"href":"https:\/\/laultimapalabra.com.mx\/portal\/wp-json\/wp\/v2\/posts"}],"about":[{"href":"https:\/\/laultimapalabra.com.mx\/portal\/wp-json\/wp\/v2\/types\/post"}],"author":[{"embeddable":true,"href":"https:\/\/laultimapalabra.com.mx\/portal\/wp-json\/wp\/v2\/users\/9"}],"replies":[{"embeddable":true,"href":"https:\/\/laultimapalabra.com.mx\/portal\/wp-json\/wp\/v2\/comments?post=49717"}],"version-history":[{"count":2,"href":"https:\/\/laultimapalabra.com.mx\/portal\/wp-json\/wp\/v2\/posts\/49717\/revisions"}],"predecessor-version":[{"id":49720,"href":"https:\/\/laultimapalabra.com.mx\/portal\/wp-json\/wp\/v2\/posts\/49717\/revisions\/49720"}],"wp:featuredmedia":[{"embeddable":true,"href":"https:\/\/laultimapalabra.com.mx\/portal\/wp-json\/wp\/v2\/media\/49718"}],"wp:attachment":[{"href":"https:\/\/laultimapalabra.com.mx\/portal\/wp-json\/wp\/v2\/media?parent=49717"}],"wp:term":[{"taxonomy":"category","embeddable":true,"href":"https:\/\/laultimapalabra.com.mx\/portal\/wp-json\/wp\/v2\/categories?post=49717"},{"taxonomy":"post_tag","embeddable":true,"href":"https:\/\/laultimapalabra.com.mx\/portal\/wp-json\/wp\/v2\/tags?post=49717"}],"curies":[{"name":"wp","href":"https:\/\/api.w.org\/{rel}","templated":true}]}}