                       {"id":49722,"date":"2023-11-08T12:15:15","date_gmt":"2023-11-08T18:15:15","guid":{"rendered":"https:\/\/laultimapalabra.com.mx\/portal\/?p=49722"},"modified":"2023-11-08T12:15:15","modified_gmt":"2023-11-08T18:15:15","slug":"acepta-amlo-renuncia-de-arturo-zaldivar-de-la-scjn-nota-de-oem-informex","status":"publish","type":"post","link":"https:\/\/laultimapalabra.com.mx\/portal\/acepta-amlo-renuncia-de-arturo-zaldivar-de-la-scjn-nota-de-oem-informex\/","title":{"rendered":"Acepta AMLO renuncia de Arturo Zald\u00edvar de la SCJN (nota de OEM &#8211; Informex)"},"content":{"rendered":"<p>CDMX. &#8211; El presidente Andr\u00e9s Manuel L\u00f3pez Obrador inform\u00f3 que ya acept\u00f3 la renuncia de Arturo Zald\u00edvar como ministro de la Suprema Corte de Justicia de la Naci\u00f3n (SCJN) y hoy enviar\u00e1 un oficio al Senado de la Rep\u00fablica para su aprobaci\u00f3n.<\/p>\n<p>\u201cEl ministro Zald\u00edvar present\u00f3 su renuncia y ya hoy la env\u00edo, s\u00ed, la acepto y env\u00edo el oficio al Senado\u201d, dijo el presidente durante su conferencia ma\u00f1anera.<\/p>\n<p>\u201cSe presenta la renuncia, yo ya la acept\u00e9 y falta que la apruebe el Senado. Despu\u00e9s de eso, si la aprueban, yo voy a enviar una terna, para la sustituci\u00f3n, entonces ya voy a empezar a ver a quien propongo, a ver si tengo suerte y le atino, he propuesto a cuatro y dos salieron conservas\u201d, dijo el mandatario.<\/p>\n<p>\u201cEstoy pensando en la terna y me estoy inclinando por tres mujeres, tengo m\u00e1s ventaja con las mujeres porque la mujer es m\u00e1s honesta, m\u00e1s definida, muy trabajadora, tienen muchas virtudes y a m\u00ed en la administraci\u00f3n p\u00fablica, desde el gobierno de la ciudad, que eran m\u00e1s mujeres, me ayudaron mucho\u201d, indic\u00f3.<\/p>\n<p>\u201cEso es cuesti\u00f3n de interpretaci\u00f3n, si una persona ya no quiere estar en el cargo no se le puede obligar. Ya lo hice con el ministro Medina Mora\u201d dijo en relaci\u00f3n a la causa grave y a\u00f1adi\u00f3 que quien tendr\u00e1 la \u00faltima palabra para decidir si acepta la renuncia de Zald\u00edvar ser\u00e1 el Senado.<\/p>\n<p>Tambi\u00e9n se le pregunt\u00f3 si consideraba correcto que el ministro anunciara que deja el cargo para sumarse al equipo de Claudia Sheinbaum, aspirante presidencial de Morena, a lo que evit\u00f3 responder y dijo que \u201cya eso es otra cosa, no me quiero meter, se lo dejamos a los analistas, los expertos\u201d, dijo el mandatario.<\/p>\n<p>Zald\u00edvar quien anunci\u00f3 que renunciaba a su cargo de ministro el pasado martes, aclar\u00f3 hoy en entrevista radiof\u00f3nica con Ciro G\u00f3mez Leyva, que no buscar\u00e1 ning\u00fan cargo p\u00fablico, ni como fiscal de la Rep\u00fablica o secretario.<\/p>\n<p>\u201cYo no estoy dejando la Corte para buscar un cargo p\u00fablico, voy a sumarme a un proyecto pol\u00edtico y social en el que creo para consolidar la transformaci\u00f3n del pa\u00eds, para apoyar a un proyecto que tenga como mira principal a quienes menos tienen y m\u00e1s lo necesitan, un proyecto en el que creo y en el que siempre he estado comprometido en los 14 a\u00f1os de la Corte\u201d, dijo Arturo Zald\u00edvar.<\/p>\n<p>Fuente: Julio Astillero<\/p>\n<p>Cr\u00e9ditos foto: julio astillero<\/p>\n<p>&nbsp;<\/p>\n","protected":false},"excerpt":{"rendered":"<p>CDMX. &#8211; El presidente Andr\u00e9s Manuel L\u00f3pez Obrador inform\u00f3 que ya acept\u00f3 la renuncia de Arturo Zald\u00edvar como ministro de la Suprema Corte de Justicia de la Naci\u00f3n (SCJN) y hoy enviar\u00e1 un oficio al Senado de la Rep\u00fablica para su aprobaci\u00f3n. \u201cEl ministro Zald\u00edvar present\u00f3 su renuncia y ya hoy la env\u00edo, s\u00ed, la [&hellip;]<\/p>\n","protected":false},"author":9,"featured_media":49723,"comment_status":"closed","ping_status":"closed","sticky":false,"template":"","format":"standard","meta":{"footnotes":""},"categories":[19],"tags":[124,10430,4764,2085,5859],"class_list":["post-49722","post","type-post","status-publish","format-standard","has-post-thumbnail","hentry","category-nacional","tag-amlo","tag-arturozaldivar","tag-renuncia","tag-scjn","tag-ultimas-noticias"],"_links":{"self":[{"href":"https:\/\/laultimapalabra.com.mx\/portal\/wp-json\/wp\/v2\/posts\/49722","targetHints":{"allow":["GET"]}}],"collection":[{"href":"https:\/\/laultimapalabra.com.mx\/portal\/wp-json\/wp\/v2\/posts"}],"about":[{"href":"https:\/\/laultimapalabra.com.mx\/portal\/wp-json\/wp\/v2\/types\/post"}],"author":[{"embeddable":true,"href":"https:\/\/laultimapalabra.com.mx\/portal\/wp-json\/wp\/v2\/users\/9"}],"replies":[{"embeddable":true,"href":"https:\/\/laultimapalabra.com.mx\/portal\/wp-json\/wp\/v2\/comments?post=49722"}],"version-history":[{"count":1,"href":"https:\/\/laultimapalabra.com.mx\/portal\/wp-json\/wp\/v2\/posts\/49722\/revisions"}],"predecessor-version":[{"id":49724,"href":"https:\/\/laultimapalabra.com.mx\/portal\/wp-json\/wp\/v2\/posts\/49722\/revisions\/49724"}],"wp:featuredmedia":[{"embeddable":true,"href":"https:\/\/laultimapalabra.com.mx\/portal\/wp-json\/wp\/v2\/media\/49723"}],"wp:attachment":[{"href":"https:\/\/laultimapalabra.com.mx\/portal\/wp-json\/wp\/v2\/media?parent=49722"}],"wp:term":[{"taxonomy":"category","embeddable":true,"href":"https:\/\/laultimapalabra.com.mx\/portal\/wp-json\/wp\/v2\/categories?post=49722"},{"taxonomy":"post_tag","embeddable":true,"href":"https:\/\/laultimapalabra.com.mx\/portal\/wp-json\/wp\/v2\/tags?post=49722"}],"curies":[{"name":"wp","href":"https:\/\/api.w.org\/{rel}","templated":true}]}}