                       {"id":49811,"date":"2023-11-09T12:50:02","date_gmt":"2023-11-09T18:50:02","guid":{"rendered":"https:\/\/laultimapalabra.com.mx\/portal\/?p=49811"},"modified":"2023-11-09T12:50:02","modified_gmt":"2023-11-09T18:50:02","slug":"javier-luis-navarro-obtiene-suspension-definitiva-y-quedara-como-gobernador-interino","status":"publish","type":"post","link":"https:\/\/laultimapalabra.com.mx\/portal\/javier-luis-navarro-obtiene-suspension-definitiva-y-quedara-como-gobernador-interino\/","title":{"rendered":"Javier Luis Navarro obtiene suspensi\u00f3n definitiva y quedar\u00e1 como gobernador interino"},"content":{"rendered":"<p>El Juez S\u00e9ptimo de Distrito en Tamaulipas, Juan Fernando Alvarado L\u00f3pez resolvi\u00f3 a favor de Javier Navarro la suspensi\u00f3n de la designaci\u00f3n de Arturo Salinas como gobernador interino.<\/p>\n<p>Con esta resoluci\u00f3n el secretario de gobierno Javier Navarro se quedar\u00eda como encargado del despacho de la oficina del gobernador de Nuevo Le\u00f3n, cuando Samuel Garc\u00eda haga efectiva su licencia para contender por la presidencia de M\u00e9xico.<\/p>\n<p>Ante esto el presidente magistrado del Poder Judicial, Arturo Salinas dijo que el jugador dio a conocer su fallo horas antes de celebrarse la ausencia resolutoria.<\/p>\n<p>Por lo que Salinas interpuso un recurso de queja por qu\u00e9 la resoluci\u00f3n ya aparec\u00eda en l\u00ednea y disponible para consultar en la p\u00e1gina de poder judicial de Tamaulipas.<\/p>\n<p>Con esta resoluci\u00f3n la administraci\u00f3n de Samuel Garc\u00eda lleva ventaja para designar a su sucesor en el proceso electoral.<\/p>\n<p>Adem\u00e1s, el d\u00eda de hoy se definir\u00e1 por el Tribunal Electoral de Poder Judicial de la Federal donde se prev\u00e9 que se pronuncie de forma definitiva la revocaci\u00f3n de la designaci\u00f3n del Congreso de Nuevo Le\u00f3n, del pasado 25 de octubre.<\/p>\n<p>FUENTE: EL HERALDO DE M\u00c9XICO<\/p>\n<p>Cr\u00e9ditos foto: EL HERALDO DE M\u00c9XICO<\/p>\n<p>&nbsp;<\/p>\n","protected":false},"excerpt":{"rendered":"<p>El Juez S\u00e9ptimo de Distrito en Tamaulipas, Juan Fernando Alvarado L\u00f3pez resolvi\u00f3 a favor de Javier Navarro la suspensi\u00f3n de la designaci\u00f3n de Arturo Salinas como gobernador interino. Con esta resoluci\u00f3n el secretario de gobierno Javier Navarro se quedar\u00eda como encargado del despacho de la oficina del gobernador de Nuevo Le\u00f3n, cuando Samuel Garc\u00eda haga [&hellip;]<\/p>\n","protected":false},"author":9,"featured_media":49812,"comment_status":"closed","ping_status":"closed","sticky":false,"template":"","format":"standard","meta":{"footnotes":""},"categories":[15],"tags":[10471,10470,10473,5037,10472,5859],"class_list":["post-49811","post","type-post","status-publish","format-standard","has-post-thumbnail","hentry","category-estado","tag-gobernadorinterino","tag-javiernavarro","tag-presidenciademexico","tag-samuelgarcia","tag-suspenciondefinitiva","tag-ultimas-noticias"],"_links":{"self":[{"href":"https:\/\/laultimapalabra.com.mx\/portal\/wp-json\/wp\/v2\/posts\/49811","targetHints":{"allow":["GET"]}}],"collection":[{"href":"https:\/\/laultimapalabra.com.mx\/portal\/wp-json\/wp\/v2\/posts"}],"about":[{"href":"https:\/\/laultimapalabra.com.mx\/portal\/wp-json\/wp\/v2\/types\/post"}],"author":[{"embeddable":true,"href":"https:\/\/laultimapalabra.com.mx\/portal\/wp-json\/wp\/v2\/users\/9"}],"replies":[{"embeddable":true,"href":"https:\/\/laultimapalabra.com.mx\/portal\/wp-json\/wp\/v2\/comments?post=49811"}],"version-history":[{"count":1,"href":"https:\/\/laultimapalabra.com.mx\/portal\/wp-json\/wp\/v2\/posts\/49811\/revisions"}],"predecessor-version":[{"id":49813,"href":"https:\/\/laultimapalabra.com.mx\/portal\/wp-json\/wp\/v2\/posts\/49811\/revisions\/49813"}],"wp:featuredmedia":[{"embeddable":true,"href":"https:\/\/laultimapalabra.com.mx\/portal\/wp-json\/wp\/v2\/media\/49812"}],"wp:attachment":[{"href":"https:\/\/laultimapalabra.com.mx\/portal\/wp-json\/wp\/v2\/media?parent=49811"}],"wp:term":[{"taxonomy":"category","embeddable":true,"href":"https:\/\/laultimapalabra.com.mx\/portal\/wp-json\/wp\/v2\/categories?post=49811"},{"taxonomy":"post_tag","embeddable":true,"href":"https:\/\/laultimapalabra.com.mx\/portal\/wp-json\/wp\/v2\/tags?post=49811"}],"curies":[{"name":"wp","href":"https:\/\/api.w.org\/{rel}","templated":true}]}}