                       {"id":49855,"date":"2023-11-10T10:50:31","date_gmt":"2023-11-10T16:50:31","guid":{"rendered":"https:\/\/laultimapalabra.com.mx\/portal\/?p=49855"},"modified":"2023-11-10T10:59:51","modified_gmt":"2023-11-10T16:59:51","slug":"se-pasa-alto-y-lo-impacta-auto-2","status":"publish","type":"post","link":"https:\/\/laultimapalabra.com.mx\/portal\/se-pasa-alto-y-lo-impacta-auto-2\/","title":{"rendered":"Se pasa alto y lo impacta auto"},"content":{"rendered":"<p>Cadereyta Jim\u00e9nez, N.L.- La madrugada de este viernes se registr\u00f3 un aparatoso accidente en la zona centro del municipio de Cadereyta, donde un joven conductor de una camioneta tipo Silverado se pas\u00f3 el alto y fue impactado por el conductor de un auto tipo Versa de alquiler.<\/p>\n<p>El percance se registr\u00f3 cerca de la 1:00 de la ma\u00f1ana, en la calle Joaqu\u00edn Valle en su cruce con la calle Miguel Hidalgo.<\/p>\n<p>Pese lo aparatoso del accidente no se reportaron personas lesionadas, por lo que agentes viales realizaron las labores de rigor.<\/p>\n","protected":false},"excerpt":{"rendered":"<p>Cadereyta Jim\u00e9nez, N.L.- La madrugada de este viernes se registr\u00f3 un aparatoso accidente en la zona centro del municipio de Cadereyta, donde un joven conductor de una camioneta tipo Silverado se pas\u00f3 el alto y fue impactado por el conductor de un auto tipo Versa de alquiler. El percance se registr\u00f3 cerca de la 1:00 [&hellip;]<\/p>\n","protected":false},"author":9,"featured_media":49856,"comment_status":"closed","ping_status":"closed","sticky":false,"template":"","format":"standard","meta":{"footnotes":""},"categories":[17],"tags":[3840,10477,10478,5859],"class_list":["post-49855","post","type-post","status-publish","format-standard","has-post-thumbnail","hentry","category-locales-cadereyta","tag-cadereyta-jimenez-nl","tag-seimpactaauto","tag-sepasaalto","tag-ultimas-noticias"],"_links":{"self":[{"href":"https:\/\/laultimapalabra.com.mx\/portal\/wp-json\/wp\/v2\/posts\/49855","targetHints":{"allow":["GET"]}}],"collection":[{"href":"https:\/\/laultimapalabra.com.mx\/portal\/wp-json\/wp\/v2\/posts"}],"about":[{"href":"https:\/\/laultimapalabra.com.mx\/portal\/wp-json\/wp\/v2\/types\/post"}],"author":[{"embeddable":true,"href":"https:\/\/laultimapalabra.com.mx\/portal\/wp-json\/wp\/v2\/users\/9"}],"replies":[{"embeddable":true,"href":"https:\/\/laultimapalabra.com.mx\/portal\/wp-json\/wp\/v2\/comments?post=49855"}],"version-history":[{"count":2,"href":"https:\/\/laultimapalabra.com.mx\/portal\/wp-json\/wp\/v2\/posts\/49855\/revisions"}],"predecessor-version":[{"id":49860,"href":"https:\/\/laultimapalabra.com.mx\/portal\/wp-json\/wp\/v2\/posts\/49855\/revisions\/49860"}],"wp:featuredmedia":[{"embeddable":true,"href":"https:\/\/laultimapalabra.com.mx\/portal\/wp-json\/wp\/v2\/media\/49856"}],"wp:attachment":[{"href":"https:\/\/laultimapalabra.com.mx\/portal\/wp-json\/wp\/v2\/media?parent=49855"}],"wp:term":[{"taxonomy":"category","embeddable":true,"href":"https:\/\/laultimapalabra.com.mx\/portal\/wp-json\/wp\/v2\/categories?post=49855"},{"taxonomy":"post_tag","embeddable":true,"href":"https:\/\/laultimapalabra.com.mx\/portal\/wp-json\/wp\/v2\/tags?post=49855"}],"curies":[{"name":"wp","href":"https:\/\/api.w.org\/{rel}","templated":true}]}}