                       {"id":49972,"date":"2023-11-13T12:59:51","date_gmt":"2023-11-13T18:59:51","guid":{"rendered":"https:\/\/laultimapalabra.com.mx\/portal\/?p=49972"},"modified":"2023-11-13T12:59:51","modified_gmt":"2023-11-13T18:59:51","slug":"auto-es-arrastrado-por-la-corriente-del-rio-salinas-en-garcia-nl","status":"publish","type":"post","link":"https:\/\/laultimapalabra.com.mx\/portal\/auto-es-arrastrado-por-la-corriente-del-rio-salinas-en-garcia-nl\/","title":{"rendered":"Auto es arrastrado por la corriente del r\u00edo Salinas en Garc\u00eda, NL"},"content":{"rendered":"<p>Garc\u00eda. &#8211; Tras las fuertes lluvias de este fin semana, un veh\u00edculo fue arrastrado por la corriente del r\u00edo Salinas, en el municipio de Garc\u00eda, Nuevo Le\u00f3n, en sus l\u00edmites con Ramos Arizpe, Coahuila.<\/p>\n<p>De acuerdo a la Secretaria de Seguridad P\u00fablica del Municipio de Ramos Arizpe, Coahuila, los tripulantes que viajaban a bordo del veh\u00edculo tipo Volkswagen fueron extra\u00eddos de la unidad y trasladados a una zona segura para su resguardo.<\/p>\n<p>En el rescate de los tripulantes y de este veh\u00edculo participaron elementos de la Divisi\u00f3n de la Secretar\u00eda de Protecci\u00f3n Civil y Gesti\u00f3n Integral de Riesgos en coordinaci\u00f3n con Protecci\u00f3n Civil de Nuevo Le\u00f3n y Protecci\u00f3n Civil de los municipios de Mina y Garc\u00eda, Nuevo Le\u00f3n.<\/p>\n<p>FUENTE: ABC NOTICIAS<\/p>\n<p>Cr\u00e9ditos foto: estado<\/p>\n<p>&nbsp;<\/p>\n","protected":false},"excerpt":{"rendered":"<p>Garc\u00eda. &#8211; Tras las fuertes lluvias de este fin semana, un veh\u00edculo fue arrastrado por la corriente del r\u00edo Salinas, en el municipio de Garc\u00eda, Nuevo Le\u00f3n, en sus l\u00edmites con Ramos Arizpe, Coahuila. De acuerdo a la Secretaria de Seguridad P\u00fablica del Municipio de Ramos Arizpe, Coahuila, los tripulantes que viajaban a bordo del [&hellip;]<\/p>\n","protected":false},"author":9,"featured_media":49973,"comment_status":"closed","ping_status":"closed","sticky":false,"template":"","format":"standard","meta":{"footnotes":""},"categories":[15],"tags":[10522,10523,8144,9831,5859],"class_list":["post-49972","post","type-post","status-publish","format-standard","has-post-thumbnail","hentry","category-estado","tag-autofuearrastrado","tag-corriente-rio-salinas","tag-garcia","tag-ramosarizpe","tag-ultimas-noticias"],"_links":{"self":[{"href":"https:\/\/laultimapalabra.com.mx\/portal\/wp-json\/wp\/v2\/posts\/49972","targetHints":{"allow":["GET"]}}],"collection":[{"href":"https:\/\/laultimapalabra.com.mx\/portal\/wp-json\/wp\/v2\/posts"}],"about":[{"href":"https:\/\/laultimapalabra.com.mx\/portal\/wp-json\/wp\/v2\/types\/post"}],"author":[{"embeddable":true,"href":"https:\/\/laultimapalabra.com.mx\/portal\/wp-json\/wp\/v2\/users\/9"}],"replies":[{"embeddable":true,"href":"https:\/\/laultimapalabra.com.mx\/portal\/wp-json\/wp\/v2\/comments?post=49972"}],"version-history":[{"count":1,"href":"https:\/\/laultimapalabra.com.mx\/portal\/wp-json\/wp\/v2\/posts\/49972\/revisions"}],"predecessor-version":[{"id":49974,"href":"https:\/\/laultimapalabra.com.mx\/portal\/wp-json\/wp\/v2\/posts\/49972\/revisions\/49974"}],"wp:featuredmedia":[{"embeddable":true,"href":"https:\/\/laultimapalabra.com.mx\/portal\/wp-json\/wp\/v2\/media\/49973"}],"wp:attachment":[{"href":"https:\/\/laultimapalabra.com.mx\/portal\/wp-json\/wp\/v2\/media?parent=49972"}],"wp:term":[{"taxonomy":"category","embeddable":true,"href":"https:\/\/laultimapalabra.com.mx\/portal\/wp-json\/wp\/v2\/categories?post=49972"},{"taxonomy":"post_tag","embeddable":true,"href":"https:\/\/laultimapalabra.com.mx\/portal\/wp-json\/wp\/v2\/tags?post=49972"}],"curies":[{"name":"wp","href":"https:\/\/api.w.org\/{rel}","templated":true}]}}