                       {"id":5019,"date":"2018-12-02T06:02:04","date_gmt":"2018-12-02T06:02:04","guid":{"rendered":"http:\/\/laultimapalabra.info\/?p=5019"},"modified":"2024-12-11T08:53:26","modified_gmt":"2024-12-11T14:53:26","slug":"si-se-pudo","status":"publish","type":"post","link":"https:\/\/laultimapalabra.com.mx\/portal\/si-se-pudo\/","title":{"rendered":"\u00a1S\u00ed se pudo&#8230;!"},"content":{"rendered":"<p><img loading=\"lazy\" decoding=\"async\" src=\"https:\/\/laultimapalabra.com.mx\/portal\/wp-content\/uploads\/2018\/12\/75527106855087169293286552.jpg\" class=\"wp-image-5017 alignnone size-full\" width=\"660\" height=\"440\"><\/p>\n<p>Cd. de M\u00e9xico (02 diciembre 2018).- \u00c9l todo lo puede. Andr\u00e9s Manuel L\u00f3pez Obrador hace llorar a j\u00f3venes y a ancianos que suspiran y dicen: por fin, despu\u00e9s de tantos a\u00f1os.<\/p>\n<p>Rechazar una corona color oro y arrodillarse ante quien se arrodilla ante \u00e9l. Leer dos horas de promesas. Decretar el final de la era de la terracer\u00eda e inaugurar la etapa del concreto en las carreteras. Garantizar hasta la purificaci\u00f3n de la vida p\u00fablica y la libertad de conciencia. Dictar el fin de la impunidad y, al mismo tiempo, garantizar la impunidad a quien acus\u00f3 de corrupto.<\/p>\n<p>Es Andr\u00e9s Manuel L\u00f3pez Obrador, pero es la primera vez en la historia que unas 100 mil personas lo miran en el Z\u00f3calo envuelto en la banda presidencial.<\/p>\n<p>Ya es Presidente, pero sigue en campa\u00f1a. Promete tambi\u00e9n seguirlo haciendo: cada a\u00f1o, cada d\u00eda de su Informe volver\u00e1 aqu\u00ed, a la plaza, con sus seguidores, a dar otro informe. Y la gente, esta tarde como otros d\u00edas, lo celebra, porque lo han seguido 6, 12, 13, hasta por 30 a\u00f1os.<\/p>\n<p>&#8220;Este d\u00eda es hist\u00f3rico, fue el logro de 13 a\u00f1os&#8221;, dice el ex polic\u00eda Fernando Gonz\u00e1lez, en silla de ruedas, llorando porque recuerda que en 2006 particip\u00f3 en la Convenci\u00f3n Nacional Democr\u00e1tica que lo declar\u00f3 &#8220;Presidente Leg\u00edtimo de M\u00e9xico&#8221;.<\/p>\n<p>Ah\u00ed est\u00e1 tambi\u00e9n el periodista de Tabasco Daniel Castro que, desde 1988, cuando su paisano aspiraba a ser Gobernador, ha cubierto todas sus campa\u00f1as. &#8220;Hace treinta a\u00f1os \u00edbamos a m\u00edtines y apenas juntaba a 15 gentes, para m\u00ed es como un cierre de ciclo&#8221;.<\/p>\n<p>En el templete, la actriz y senadora de Morena Jesusa Rodr\u00edguez hab\u00eda terminado sus arengas: &#8220;M\u00e9xico ser\u00e1 la punta de lanza para erradicar el neoliberalismo de todo el mundo&#8221;. Sus amenazas: &#8220;Ya no queremos a esas trasnacionales que envenenan y hacen adictos a nuestros hijos, que se cierren los supermercados&#8221;.<\/p>\n<p>L\u00f3pez Obrador sale de Palacio Nacional con la banda presidencial y lo recibe la multitud de m\u00e1s de 100 mil personas grit\u00e1ndole &#8220;\u00a1Presidente! \u00a1Presidente!&#8221; y &#8220;\u00a1S\u00ed se pudo! \u00a1S\u00ed se pudo!&#8221;.<\/p>\n<p>Cruza hacia el escenario en medio de saludos y abrazos, como si fuera otro mitin, el 2 mil 459 de quien presume haber visitado todos los municipios de M\u00e9xico. En medio del fervor, un hombre intenta ponerle una corona color oro.<\/p>\n<p>El se\u00f1or Carlos \u00c1lvarez, vigilante del Instituto Cumbres de Las Lomas, se limpia las l\u00e1grimas.<\/p>\n<p>&#8220;Ahora s\u00ed, va a comenzar a cerrarle la boca a todos&#8221;.<\/p>\n<p>La profesora Mar\u00eda Elena de la Fuente, que todav\u00eda le daba la bienvenida a Nicol\u00e1s Maduro, cesa sus gritos: &#8220;\u00a1Maduro, Maduro, a los yanquis dales duro!&#8221;. La venezolana Isabel Juvenal, exiliada en M\u00e9xico desde que, dijo, Venezuela se qued\u00f3 sin comida, deja de defenderse de los simpatizantes de L\u00f3pez Obrador, que la acusan de &#8220;yanquista&#8221;.<\/p>\n<p>L\u00f3pez Obrador lleg\u00f3 al escenario para recibir el bast\u00f3n de mando ind\u00edgena en medio de una ceremonia de conchas, tambores y chirim\u00edas. Silencio en el Z\u00f3calo: La Cuarta Transformaci\u00f3n de M\u00e9xico ahora s\u00ed inicia, aunque todo se prolonga.<\/p>\n<p>La limpia ind\u00edgena se hace con ramas, copal y un sahumerio. El maestro de la ceremonia pone al p\u00fablico a saludar a todos los puntos cardinales. Un hombre que le iba a entregar un crucifijo se le arrodilla a L\u00f3pez Obrador que, sabedor de los s\u00edmbolos, se arrodilla tambi\u00e9n. El p\u00fablico aplaude.<\/p>\n<p>&#8220;Ahora s\u00ed tenemos Presidente y no basuras&#8221;, es el grito.<\/p>\n<p>Le siguen dos horas de promesas. De las 17:20 a 19:17 horas.<\/p>\n<p>L\u00f3pez Obrador lee sus 100 compromisos. L\u00f3pez Obrador promete todo. Parece un mitin de campa\u00f1a, aunque ya no dice eso de que &#8220;quieran o no quieran, la mafia va pa&#8217; fuera&#8221;. Tampoco eso de retirar al Ej\u00e9rcito de las calles.<\/p>\n<p>No habr\u00e1 impunidad, asegura. Aunque en la C\u00e1mara de Diputados, al lado de Enrique Pe\u00f1a Nieto, confirm\u00f3 la amnist\u00eda para los pasados reg\u00edmenes.<\/p>\n<p>Anochece y parece 15 de septiembre en el Z\u00f3calo. L\u00f3pez Obrador parece haber mudado el tiempo.<\/p>\n<p>&#8220;Sin ustedes no valgo nada o casi nada; sin ustedes, los conservadores me avasallar\u00edan f\u00e1cilmente&#8221;. El p\u00fablico lo aclama. &#8220;\u00a1Presidente! \u00a1Presidente!&#8221;, le gritan.<\/p>\n<p>Fuente: El Norte<\/p>\n","protected":false},"excerpt":{"rendered":"<p>Cd. de M\u00e9xico (02 diciembre 2018).- \u00c9l todo lo puede. Andr\u00e9s Manuel L\u00f3pez Obrador hace llorar a j\u00f3venes y a ancianos que suspiran y dicen: por fin, despu\u00e9s de tantos a\u00f1os. Rechazar una corona color oro y arrodillarse ante quien se arrodilla ante \u00e9l. Leer dos horas de promesas. Decretar el final de la era [&hellip;]<\/p>\n","protected":false},"author":9,"featured_media":5018,"comment_status":"open","ping_status":"closed","sticky":false,"template":"","format":"standard","meta":{"footnotes":""},"categories":[19],"tags":[2213],"class_list":["post-5019","post","type-post","status-publish","format-standard","has-post-thumbnail","hentry","category-nacional","tag-toma-de-protesta-amlo"],"_links":{"self":[{"href":"https:\/\/laultimapalabra.com.mx\/portal\/wp-json\/wp\/v2\/posts\/5019","targetHints":{"allow":["GET"]}}],"collection":[{"href":"https:\/\/laultimapalabra.com.mx\/portal\/wp-json\/wp\/v2\/posts"}],"about":[{"href":"https:\/\/laultimapalabra.com.mx\/portal\/wp-json\/wp\/v2\/types\/post"}],"author":[{"embeddable":true,"href":"https:\/\/laultimapalabra.com.mx\/portal\/wp-json\/wp\/v2\/users\/9"}],"replies":[{"embeddable":true,"href":"https:\/\/laultimapalabra.com.mx\/portal\/wp-json\/wp\/v2\/comments?post=5019"}],"version-history":[{"count":1,"href":"https:\/\/laultimapalabra.com.mx\/portal\/wp-json\/wp\/v2\/posts\/5019\/revisions"}],"predecessor-version":[{"id":65724,"href":"https:\/\/laultimapalabra.com.mx\/portal\/wp-json\/wp\/v2\/posts\/5019\/revisions\/65724"}],"wp:featuredmedia":[{"embeddable":true,"href":"https:\/\/laultimapalabra.com.mx\/portal\/wp-json\/"}],"wp:attachment":[{"href":"https:\/\/laultimapalabra.com.mx\/portal\/wp-json\/wp\/v2\/media?parent=5019"}],"wp:term":[{"taxonomy":"category","embeddable":true,"href":"https:\/\/laultimapalabra.com.mx\/portal\/wp-json\/wp\/v2\/categories?post=5019"},{"taxonomy":"post_tag","embeddable":true,"href":"https:\/\/laultimapalabra.com.mx\/portal\/wp-json\/wp\/v2\/tags?post=5019"}],"curies":[{"name":"wp","href":"https:\/\/api.w.org\/{rel}","templated":true}]}}