                       {"id":5028,"date":"2018-12-02T15:35:35","date_gmt":"2018-12-02T15:35:35","guid":{"rendered":"http:\/\/laultimapalabra.info\/?p=5028"},"modified":"2024-12-11T08:53:26","modified_gmt":"2024-12-11T14:53:26","slug":"viven-a-2-horas-de-monterrey-pero-ni-siquiera-tienen-agua","status":"publish","type":"post","link":"https:\/\/laultimapalabra.com.mx\/portal\/viven-a-2-horas-de-monterrey-pero-ni-siquiera-tienen-agua\/","title":{"rendered":"Viven a 2 horas de Monterrey &#8230;pero ni siquiera tienen agua"},"content":{"rendered":"<p><img loading=\"lazy\" decoding=\"async\" src=\"https:\/\/laultimapalabra.com.mx\/portal\/wp-content\/uploads\/2018\/12\/75528173551865746600667360.jpg\" class=\"wp-image-5027 alignnone size-full\" width=\"660\" height=\"440\"><\/p>\n<p>*Lanza SOS navide\u00f1o pueblo del sur<br \/>\nCampa\u00f1a Navide\u00f1a 2018 en Las Delicias<\/p>\n<p>Monterrey, M\u00e9xico (02 diciembre 2018).- En el mismo estanque donde decenas de cabras toman agua, madres y ni\u00f1os llenan galones con el l\u00edquido para llevar a su casa en el ejido Las Delicias, en Galeana.<\/p>\n<p>A s\u00f3lo dos horas y media de Monterrey, Las Delicias es un poblado sin servicios b\u00e1sicos, s\u00f3lo cuenta con electricidad.<\/p>\n<p>Nada m\u00e1s alejado de la idea de Nuevo Le\u00f3n como uno de los estados m\u00e1s desarrollados de M\u00e9xico.<\/p>\n<p>Desde hace un mes, las m\u00e1s de 100 familias del ejido no tienen agua, pues la bomba del suministro no sirve y tampoco llegan pipas. Para obtener agua potable deben ir a comprarla al ejido San Rafael, a 40 minutos en auto, algo que muy pocos pueden hacer.<\/p>\n<p>&#8220;Afecta mucho&#8221;, dice Mar\u00eda Elba Cort\u00e9s, junto a sus hijos de 2 y 6 a\u00f1os, &#8220;porque para ba\u00f1arnos esta agua est\u00e1 muy fea. Para lavarse las manos, los ni\u00f1os y todo es mucha bacteria, porque de aqu\u00ed toman los animales, las cabras&#8221;.<\/p>\n<p>Mirabel Mart\u00ednez Reyna, director de la primaria Emiliano Zapata, afirma que la falta de agua ya provoc\u00f3 enfermedades gastrointestinales en ni\u00f1os.<\/p>\n<p>&#8220;Utilizan agua de un aljibe que no tiene la limpieza, la higiene suficiente&#8221;, explica, &#8220;las infecciones estomacales les afectan mucho&#8221;.<\/p>\n<p>Han acudido a la Presidencia de Galeana a pedir ayuda, pero no han obtenido respuesta, asegura el comisariado Gonzalo N\u00e1jera.<\/p>\n<p>&#8220;Como que no nos toman en cuenta&#8221;, lamenta.<\/p>\n<p>EL NORTE, C\u00e1ritas de Monterrey y la iniciativa Hambre Cero inician hoy la campa\u00f1a &#8220;Navidad en Las Delicias&#8221;, en la que se busca, con ayuda de los lectores, apoyar a las familias.<\/p>\n<p>Este ejido es muestra de un problema m\u00e1s grave en el Estado, advierte Enrique G\u00f3mez Junco, presidente del patronato del Banco de Alimentos de C\u00e1ritas de Monterrey, que apoya a 37 mil personas, un 23 por ciento de las 160 mil que est\u00e1n en pobreza alimentaria, seg\u00fan datos del Consejo Nacional de Evaluaci\u00f3n de la Pol\u00edtica de Desarrollo Social (Coneval).<\/p>\n<p>&#8220;Tenemos un problema que pareciera ser que pens\u00e1bamos que no exist\u00eda&#8221;, recalca G\u00f3mez Junco. &#8220;El hambre es la primera necesidad que deber\u00eda ser atendida&#8221;.<\/p>\n<p>En Las Delicias pr\u00e1cticamente la \u00fanica fuente de trabajo es la pizca de papa. Los hombres laboran en sembrad\u00edos cercanos y ganan entre 600 y 900 pesos a la semana para mantener a sus familias, que en promedio est\u00e1n con formadas por 4 o 5 personas.<\/p>\n<p>Viven por debajo de la l\u00ednea de bienestar m\u00ednimo que mide el Coneval, ya que sus ingresos ni siquiera alcanzan para comprar una canasta b\u00e1sica, que el organismo marca con un costo de mil 054 pesos en el \u00e1rea rural.<\/p>\n<p>La iniciativa interinstitucional Hambre Cero Nuevo Le\u00f3n, del Plan Estrat\u00e9gico 2030, tiene la meta de erradicar la pobreza alimentaria de las personas que viven en esta situaci\u00f3n en el Estado.<\/p>\n<p>Fuente: El Norte<\/p>\n","protected":false},"excerpt":{"rendered":"<p>*Lanza SOS navide\u00f1o pueblo del sur Campa\u00f1a Navide\u00f1a 2018 en Las Delicias Monterrey, M\u00e9xico (02 diciembre 2018).- En el mismo estanque donde decenas de cabras toman agua, madres y ni\u00f1os llenan galones con el l\u00edquido para llevar a su casa en el ejido Las Delicias, en Galeana. A s\u00f3lo dos horas y media de Monterrey, [&hellip;]<\/p>\n","protected":false},"author":9,"featured_media":5026,"comment_status":"open","ping_status":"closed","sticky":false,"template":"","format":"standard","meta":{"footnotes":""},"categories":[15],"tags":[1037,1132],"class_list":["post-5028","post","type-post","status-publish","format-standard","has-post-thumbnail","hentry","category-estado","tag-falta-de-agua-2","tag-galeana"],"_links":{"self":[{"href":"https:\/\/laultimapalabra.com.mx\/portal\/wp-json\/wp\/v2\/posts\/5028","targetHints":{"allow":["GET"]}}],"collection":[{"href":"https:\/\/laultimapalabra.com.mx\/portal\/wp-json\/wp\/v2\/posts"}],"about":[{"href":"https:\/\/laultimapalabra.com.mx\/portal\/wp-json\/wp\/v2\/types\/post"}],"author":[{"embeddable":true,"href":"https:\/\/laultimapalabra.com.mx\/portal\/wp-json\/wp\/v2\/users\/9"}],"replies":[{"embeddable":true,"href":"https:\/\/laultimapalabra.com.mx\/portal\/wp-json\/wp\/v2\/comments?post=5028"}],"version-history":[{"count":1,"href":"https:\/\/laultimapalabra.com.mx\/portal\/wp-json\/wp\/v2\/posts\/5028\/revisions"}],"predecessor-version":[{"id":65728,"href":"https:\/\/laultimapalabra.com.mx\/portal\/wp-json\/wp\/v2\/posts\/5028\/revisions\/65728"}],"wp:featuredmedia":[{"embeddable":true,"href":"https:\/\/laultimapalabra.com.mx\/portal\/wp-json\/"}],"wp:attachment":[{"href":"https:\/\/laultimapalabra.com.mx\/portal\/wp-json\/wp\/v2\/media?parent=5028"}],"wp:term":[{"taxonomy":"category","embeddable":true,"href":"https:\/\/laultimapalabra.com.mx\/portal\/wp-json\/wp\/v2\/categories?post=5028"},{"taxonomy":"post_tag","embeddable":true,"href":"https:\/\/laultimapalabra.com.mx\/portal\/wp-json\/wp\/v2\/tags?post=5028"}],"curies":[{"name":"wp","href":"https:\/\/api.w.org\/{rel}","templated":true}]}}