                       {"id":50326,"date":"2023-11-21T08:49:59","date_gmt":"2023-11-21T14:49:59","guid":{"rendered":"https:\/\/laultimapalabra.com.mx\/portal\/?p=50326"},"modified":"2023-11-21T08:51:11","modified_gmt":"2023-11-21T14:51:11","slug":"deja-ataque-armado-un-hombre-sin-vida-y-tres-lesionados","status":"publish","type":"post","link":"https:\/\/laultimapalabra.com.mx\/portal\/deja-ataque-armado-un-hombre-sin-vida-y-tres-lesionados\/","title":{"rendered":"Deja ataque armado un hombre sin vida y tres lesionados"},"content":{"rendered":"\n<p>Ju\u00e1rez, N.L.- Un ataque armado dej\u00f3 a un hombre sin vida y tres sujetos m\u00e1s lesionados en la colonia UrbiVilla Real, en la avenida Camino a la plata, en el municipio de Ju\u00e1rez.<br \/>El ataque se registr\u00f3 la tarde del lunes, en un taller mec\u00e1nico en donde se encontraban los cuatro hombres trabajando, cuando arribaron sujetos armados en dos motocicletas con armas largas y comenzaron el ataque en contra de las personas.<br \/>Hasta el momento el ahora occiso no a sido identificado, mientras que los lesionados fueron trasladados a un nosocomio para su atenci\u00f3n m\u00e9dica.<br \/>Los heridos fueron identificados como, Juan Francisco Arredondo Garc\u00eda de 30 a\u00f1os de edad, quien result\u00f3 con una herida en el \u00e1rea lumbar, el segundo lesionado es identificado como Leobardo B\u00e1ez Hern\u00e1ndez de 32 a\u00f1os con dos impactos de bala y Daniel Sep\u00falveda Valdez de 30 a\u00f1os, con dos heridas, una de ellas en el rostro.<br \/>Asimismo, trascendi\u00f3 de manera extraoficial, que una persona fue detenida, sin embargo la informaci\u00f3n no ha sido confirmada por la autoridad.<br \/>En el sitio fueron se localizaron al menos diez casquillos percutidos, por lo que el \u00e1rea fue resguardada por la Polic\u00eda Municipal y Servicios Periciales para las indagatorias correspondientes.<\/p>\n","protected":false},"excerpt":{"rendered":"<p>Ju\u00e1rez, N.L.- Un ataque armado dej\u00f3 a un hombre sin vida y tres sujetos m\u00e1s lesionados en la colonia UrbiVilla Real, en la avenida Camino a la plata, en el municipio de Ju\u00e1rez.El ataque se registr\u00f3 la tarde del lunes, en un taller mec\u00e1nico en donde se encontraban los cuatro hombres trabajando, cuando arribaron sujetos [&hellip;]<\/p>\n","protected":false},"author":7,"featured_media":50325,"comment_status":"closed","ping_status":"closed","sticky":false,"template":"","format":"standard","meta":{"footnotes":""},"categories":[10],"tags":[5002,3835,4315],"class_list":["post-50326","post","type-post","status-publish","format-standard","has-post-thumbnail","hentry","category-seguridad-juarez","tag-ataque-armado","tag-hombre-sin-vida","tag-lesionados"],"_links":{"self":[{"href":"https:\/\/laultimapalabra.com.mx\/portal\/wp-json\/wp\/v2\/posts\/50326","targetHints":{"allow":["GET"]}}],"collection":[{"href":"https:\/\/laultimapalabra.com.mx\/portal\/wp-json\/wp\/v2\/posts"}],"about":[{"href":"https:\/\/laultimapalabra.com.mx\/portal\/wp-json\/wp\/v2\/types\/post"}],"author":[{"embeddable":true,"href":"https:\/\/laultimapalabra.com.mx\/portal\/wp-json\/wp\/v2\/users\/7"}],"replies":[{"embeddable":true,"href":"https:\/\/laultimapalabra.com.mx\/portal\/wp-json\/wp\/v2\/comments?post=50326"}],"version-history":[{"count":1,"href":"https:\/\/laultimapalabra.com.mx\/portal\/wp-json\/wp\/v2\/posts\/50326\/revisions"}],"predecessor-version":[{"id":50327,"href":"https:\/\/laultimapalabra.com.mx\/portal\/wp-json\/wp\/v2\/posts\/50326\/revisions\/50327"}],"wp:featuredmedia":[{"embeddable":true,"href":"https:\/\/laultimapalabra.com.mx\/portal\/wp-json\/wp\/v2\/media\/50325"}],"wp:attachment":[{"href":"https:\/\/laultimapalabra.com.mx\/portal\/wp-json\/wp\/v2\/media?parent=50326"}],"wp:term":[{"taxonomy":"category","embeddable":true,"href":"https:\/\/laultimapalabra.com.mx\/portal\/wp-json\/wp\/v2\/categories?post=50326"},{"taxonomy":"post_tag","embeddable":true,"href":"https:\/\/laultimapalabra.com.mx\/portal\/wp-json\/wp\/v2\/tags?post=50326"}],"curies":[{"name":"wp","href":"https:\/\/api.w.org\/{rel}","templated":true}]}}