                       {"id":50353,"date":"2023-11-21T12:17:37","date_gmt":"2023-11-21T18:17:37","guid":{"rendered":"https:\/\/laultimapalabra.com.mx\/portal\/?p=50353"},"modified":"2023-11-21T12:17:37","modified_gmt":"2023-11-21T18:17:37","slug":"califica-amlo-como-autogol-eleccion-del-ultraderechista-javier-milei","status":"publish","type":"post","link":"https:\/\/laultimapalabra.com.mx\/portal\/califica-amlo-como-autogol-eleccion-del-ultraderechista-javier-milei\/","title":{"rendered":"Califica AMLO como &#8220;autogol&#8221; elecci\u00f3n del ultraderechista Javier Milei"},"content":{"rendered":"<p>Ciudad de M\u00e9xico. Como un \u201cautogol\u201d calific\u00f3 este martes el presidente Andr\u00e9s Manuel L\u00f3pez Obrador la elecci\u00f3n del ultraderechista Javier Milei como nuevo presidente de Argentina y opin\u00f3 que en M\u00e9xico no hay posibilidad de que llegue al poder un personaje como el libertario, pues dijo que el pueblo mexicano \u201cest\u00e1 muy consciente\u201d.<\/p>\n<p>\u201cPara decirlo, en una palabra, con todo respeto, fue un autogol. Y yo no estoy de acuerdo, aunque respeto la decisi\u00f3n de los pueblos, con los gobiernos de derecha, no estoy de acuerdo con los gobiernos racistas, clasistas, no estoy de acuerdo con la hipocres\u00eda, que es lo que caracteriza a la derecha en el mundo\u201d, expres\u00f3 el mandatario en su rueda de prensa diaria en Palacio Nacional.<\/p>\n<p>Cuestionado sobre si cree que es posible que en M\u00e9xico pueda llegar al poder un ultraderechista como Milei, L\u00f3pez Obrador se\u00f1al\u00f3:<\/p>\n<p>\u201cAqu\u00ed no tenemos ese riesgo, no hay nada que temer. El pueblo de M\u00e9xico est\u00e1 muy consciente, es de los pueblos m\u00e1s politizados del mundo y sabe muy bien que los gobiernos de derecha s\u00f3lo favorecen a las minor\u00edas, son defensores del conservadurismo, son los gobiernos de derecha empleados de las oligarqu\u00edas, se dedican a saquear a los pueblos, a las naciones, no le tienen ni amor ni respeto al pueblo\u201d.<\/p>\n<p>El mandatario enfatiz\u00f3 que respeta la decisi\u00f3n soberana de la ciudadan\u00eda argentina, pero alert\u00f3 que la elecci\u00f3n de Milei \u201cno les va a ayudar mucho\u201d.<\/p>\n<p>\u201cNosotros respetamos la decisi\u00f3n que tom\u00f3 un grupo mayoritario en Argentina, respetamos esa decisi\u00f3n, aunque es algo que consideramos no les va a ayudar, pero el pueblo es soberano, a\u00fan con todos los elementos antidemocr\u00e1ticos que utiliza la mafia del poder econ\u00f3micos y del poder econ\u00f3mico en todos lados, por ejemplo, el control de los medios de informaci\u00f3n, el control medi\u00e1tico. Impresionante en Argentina, en Chile, en todos lados, en M\u00e9xico, pero all\u00e1 est\u00e1 peor, es much\u00edsima la manipulaci\u00f3n\u201d.<\/p>\n<p>Por otra parte, al responder preguntas sobre las empresas contratadas por el Instituto Nacional Electoral (INE) para la producci\u00f3n de las boletas electorales, L\u00f3pez Obrador dijo que \u201cA todos nos conviene que se tenga cuidado en la fabricaci\u00f3n de las boletas\u201d.<\/p>\n<p>El mandatario dijo que este es un tema que corresponde al INE y pidi\u00f3 \u201cesperar a ver qu\u00e9 resuelve, qu\u00e9 informa el instituto electoral\u201d.<\/p>\n<p>\u201cPienso que hay que esperar la respuesta del INE y de conformidad con la ley, estoy seguro de que a ellos les corresponde la elaboraci\u00f3n, la contrataci\u00f3n de las empresas para fabricar la papeler\u00eda, para fabricar las boletas, que ellos informen c\u00f3mo est\u00e1 ese proceso, que lo transparenten y que incluso pidan que la fiscal\u00eda electoral y la Auditor\u00eda Superior de la Federaci\u00f3n participen, el mismo Tribunal Electoral, como observadores para garantizar la transparencia\u201d, a\u00f1adi\u00f3.<\/p>\n<p>FUENTE: LA JORNADA<\/p>\n<p>Cr\u00e9ditos foto: afp<\/p>\n<p>&nbsp;<\/p>\n","protected":false},"excerpt":{"rendered":"<p>Ciudad de M\u00e9xico. Como un \u201cautogol\u201d calific\u00f3 este martes el presidente Andr\u00e9s Manuel L\u00f3pez Obrador la elecci\u00f3n del ultraderechista Javier Milei como nuevo presidente de Argentina y opin\u00f3 que en M\u00e9xico no hay posibilidad de que llegue al poder un personaje como el libertario, pues dijo que el pueblo mexicano \u201cest\u00e1 muy consciente\u201d. \u201cPara decirlo, [&hellip;]<\/p>\n","protected":false},"author":9,"featured_media":50354,"comment_status":"closed","ping_status":"closed","sticky":false,"template":"","format":"standard","meta":{"footnotes":""},"categories":[19],"tags":[124,8863,10632,8862,10633,5859],"class_list":["post-50353","post","type-post","status-publish","format-standard","has-post-thumbnail","hentry","category-nacional","tag-amlo","tag-argentina","tag-elecciones","tag-milei","tag-presidentelecto","tag-ultimas-noticias"],"_links":{"self":[{"href":"https:\/\/laultimapalabra.com.mx\/portal\/wp-json\/wp\/v2\/posts\/50353","targetHints":{"allow":["GET"]}}],"collection":[{"href":"https:\/\/laultimapalabra.com.mx\/portal\/wp-json\/wp\/v2\/posts"}],"about":[{"href":"https:\/\/laultimapalabra.com.mx\/portal\/wp-json\/wp\/v2\/types\/post"}],"author":[{"embeddable":true,"href":"https:\/\/laultimapalabra.com.mx\/portal\/wp-json\/wp\/v2\/users\/9"}],"replies":[{"embeddable":true,"href":"https:\/\/laultimapalabra.com.mx\/portal\/wp-json\/wp\/v2\/comments?post=50353"}],"version-history":[{"count":1,"href":"https:\/\/laultimapalabra.com.mx\/portal\/wp-json\/wp\/v2\/posts\/50353\/revisions"}],"predecessor-version":[{"id":50355,"href":"https:\/\/laultimapalabra.com.mx\/portal\/wp-json\/wp\/v2\/posts\/50353\/revisions\/50355"}],"wp:featuredmedia":[{"embeddable":true,"href":"https:\/\/laultimapalabra.com.mx\/portal\/wp-json\/wp\/v2\/media\/50354"}],"wp:attachment":[{"href":"https:\/\/laultimapalabra.com.mx\/portal\/wp-json\/wp\/v2\/media?parent=50353"}],"wp:term":[{"taxonomy":"category","embeddable":true,"href":"https:\/\/laultimapalabra.com.mx\/portal\/wp-json\/wp\/v2\/categories?post=50353"},{"taxonomy":"post_tag","embeddable":true,"href":"https:\/\/laultimapalabra.com.mx\/portal\/wp-json\/wp\/v2\/tags?post=50353"}],"curies":[{"name":"wp","href":"https:\/\/api.w.org\/{rel}","templated":true}]}}