                       {"id":5041,"date":"2018-12-03T09:47:32","date_gmt":"2018-12-03T09:47:32","guid":{"rendered":"http:\/\/laultimapalabra.info\/?p=5041"},"modified":"2024-12-11T08:53:26","modified_gmt":"2024-12-11T14:53:26","slug":"prometen-para-hoy-agua-en-las-delicias","status":"publish","type":"post","link":"https:\/\/laultimapalabra.com.mx\/portal\/prometen-para-hoy-agua-en-las-delicias\/","title":{"rendered":"Prometen para hoy agua en Las Delicias"},"content":{"rendered":"<p style=\"text-align: justify;\"><img loading=\"lazy\" decoding=\"async\" class=\" wp-image-5042 alignright\" src=\"https:\/\/laultimapalabra.com.mx\/portal\/wp-content\/uploads\/2018\/12\/47375731_2110449945666537_8600160505404850176_n-300x200.jpg\" alt=\"\" width=\"507\" height=\"338\" \/>Monterrey, M\u00e9xico (03 diciembre 2018).- La bomba que se necesita para restablecer el servicio de agua potable en la comunidad de Las Delicias, en Galeana, donde los habitantes est\u00e1n usando agua de aljibe, ser\u00e1 instalada hoy, asegur\u00f3 la Alcaldesa Alejandra Ram\u00edrez.<\/p>\n<p style=\"text-align: justify;\">Ante la denuncia de los habitantes de Las Delicias de que el municipio no ha enviado pipas con agua, aunque el desabasto lleva m\u00e1s de un mes, la Edil afirm\u00f3 que lo ha hecho en tres ocasiones.<\/p>\n<p style=\"text-align: justify;\">&#8220;Tengo entendido que (la bomba) ya est\u00e1 por ah\u00ed en la oficina de Agua y Drenaje&#8221;, expres\u00f3, &#8220;muy probablemente ya ma\u00f1ana (hoy) que se reanuden las actividades se va a instalar&#8221;.<\/p>\n<p style=\"text-align: justify;\">EL NORTE public\u00f3 ayer que m\u00e1s de 100 familias en este ejido no cuentan con agua potable desde hace un mes, pues la bomba fall\u00f3 y no han recibido apoyo por parte del municipio.<\/p>\n<p style=\"text-align: justify;\">Ram\u00edrez se\u00f1al\u00f3 que el problema fue reportado el 10 de noviembre y suministraron a la comunidad de dos pipas con 20 mil litros de agua cada una los d\u00edas 11, 20 y 28.<\/p>\n<p style=\"text-align: justify;\">&#8220;Al d\u00eda siguiente enviamos suministro de dos pipas mientras se reparaba la falla, para que ellos tuvieran el agua&#8221;, apunt\u00f3, &#8220;nosotros tenemos la bit\u00e1cora firmada y sellada por el comisario&#8221;.<\/p>\n<p style=\"text-align: justify;\">Adem\u00e1s, AyD tambi\u00e9n proporcion\u00f3 dos pipas en tres ocasiones, aunque dijo desconocer las fechas.<\/p>\n<p style=\"text-align: justify;\">La demora en el restablecimiento del sistema, explic\u00f3 Ram\u00edrez, es debido a que el ejido se encuentra alejado de la cabecera municipal.<\/p>\n<p style=\"text-align: justify;\">Agreg\u00f3 que las descomposturas de las bombas de suministro de agua son frecuentes debido al bajo voltaje de la CFE en la zona sur del municipio.<\/p>\n<p style=\"text-align: justify;\">Aunado a ello, se\u00f1al\u00f3, la falta de conocimientos por parte de los pobladores de Las Delicias provoca que operen de manera equivocada y da\u00f1en la maquinaria.<\/p>\n<p style=\"text-align: justify;\">Aunque se busc\u00f3 una entrevista con el director de Agua y Drenaje, Gerardo Garza a trav\u00e9s del departamento de comunicaci\u00f3n social, no se obtuvo respuesta.<\/p>\n<p style=\"text-align: justify;\">Fuente: EL NORTE<\/p>\n","protected":false},"excerpt":{"rendered":"<p>Monterrey, M\u00e9xico (03 diciembre 2018).- La bomba que se necesita para restablecer el servicio de agua potable en la comunidad de Las Delicias, en Galeana, donde los habitantes est\u00e1n usando agua de aljibe, ser\u00e1 instalada hoy, asegur\u00f3 la Alcaldesa Alejandra Ram\u00edrez. Ante la denuncia de los habitantes de Las Delicias de que el municipio no [&hellip;]<\/p>\n","protected":false},"author":9,"featured_media":5042,"comment_status":"open","ping_status":"closed","sticky":false,"template":"","format":"standard","meta":{"footnotes":""},"categories":[15],"tags":[1037,1394],"class_list":["post-5041","post","type-post","status-publish","format-standard","has-post-thumbnail","hentry","category-estado","tag-falta-de-agua-2","tag-las-delicias"],"_links":{"self":[{"href":"https:\/\/laultimapalabra.com.mx\/portal\/wp-json\/wp\/v2\/posts\/5041","targetHints":{"allow":["GET"]}}],"collection":[{"href":"https:\/\/laultimapalabra.com.mx\/portal\/wp-json\/wp\/v2\/posts"}],"about":[{"href":"https:\/\/laultimapalabra.com.mx\/portal\/wp-json\/wp\/v2\/types\/post"}],"author":[{"embeddable":true,"href":"https:\/\/laultimapalabra.com.mx\/portal\/wp-json\/wp\/v2\/users\/9"}],"replies":[{"embeddable":true,"href":"https:\/\/laultimapalabra.com.mx\/portal\/wp-json\/wp\/v2\/comments?post=5041"}],"version-history":[{"count":1,"href":"https:\/\/laultimapalabra.com.mx\/portal\/wp-json\/wp\/v2\/posts\/5041\/revisions"}],"predecessor-version":[{"id":65736,"href":"https:\/\/laultimapalabra.com.mx\/portal\/wp-json\/wp\/v2\/posts\/5041\/revisions\/65736"}],"wp:featuredmedia":[{"embeddable":true,"href":"https:\/\/laultimapalabra.com.mx\/portal\/wp-json\/"}],"wp:attachment":[{"href":"https:\/\/laultimapalabra.com.mx\/portal\/wp-json\/wp\/v2\/media?parent=5041"}],"wp:term":[{"taxonomy":"category","embeddable":true,"href":"https:\/\/laultimapalabra.com.mx\/portal\/wp-json\/wp\/v2\/categories?post=5041"},{"taxonomy":"post_tag","embeddable":true,"href":"https:\/\/laultimapalabra.com.mx\/portal\/wp-json\/wp\/v2\/tags?post=5041"}],"curies":[{"name":"wp","href":"https:\/\/api.w.org\/{rel}","templated":true}]}}