                       {"id":50656,"date":"2023-11-27T14:11:01","date_gmt":"2023-11-27T20:11:01","guid":{"rendered":"https:\/\/laultimapalabra.com.mx\/portal\/?p=50656"},"modified":"2023-11-27T14:11:01","modified_gmt":"2023-11-27T20:11:01","slug":"integra-sheinbaum-a-adan-monreal-y-clouthier-en-equipo","status":"publish","type":"post","link":"https:\/\/laultimapalabra.com.mx\/portal\/integra-sheinbaum-a-adan-monreal-y-clouthier-en-equipo\/","title":{"rendered":"Integra Sheinbaum a Ad\u00e1n, Monreal y Clouthier en equipo"},"content":{"rendered":"<p>Ciudad de M\u00e9xico.-Claudia Sheinbaum, precandidata \u00fanica de Morena, PT y PVEM present\u00f3 a su equipo de precampa\u00f1a en el que estar\u00e1n, entre otros, Ricardo Monreal, Ad\u00e1n Augusto L\u00f3pez, Gerardo Fern\u00e1ndez Noro\u00f1a y Tatiana Clouthier.<\/p>\n<p>En un mensaje, Sheinbaum enlist\u00f3 a quienes la acompa\u00f1ar\u00e1n:<\/p>\n<p>Ad\u00e1n Augusto L\u00f3pez Hern\u00e1ndez, coordinador pol\u00edtico<\/p>\n<p>Mario Delgado, coordinador de precampa\u00f1a<\/p>\n<p>Ricardo Monreal, coordinador de Enlace Territorial<\/p>\n<p>Tatiana Clouthier, coordinadora de Voceros<\/p>\n<p>Gerardo Fern\u00e1ndez Noro\u00f1a, coordinador de Enlace con organizaciones sociales y vocer\u00eda<\/p>\n<p>Citlalli Hern\u00e1ndez, coordinadora de Alianzas para candidaturas \u00fanicas<\/p>\n<p>Jes\u00fas Vald\u00e9s Pe\u00f1a, coordinador de Enlace con organizaciones de mexicanos en el exterior<\/p>\n<p>Renata Turrent, coordinadora de Enlace con sectores acad\u00e9micos<\/p>\n<p>Regina Orozco, coordinadora de Enlace con la comunidad cultural<\/p>\n<p>Estela Dami\u00e1n Peralta, coordinadora de giras<\/p>\n<p>El pr\u00f3ximo domingo 3 de diciembre presentar\u00e1 el equipo de di\u00e1logos, donde se contempla que est\u00e9 Arturo Zald\u00edvar<\/p>\n<p>FUENTE: EL NORTE<\/p>\n<p>CR\u00c9DITOS FOTO: EL NORTE<\/p>\n","protected":false},"excerpt":{"rendered":"<p>Ciudad de M\u00e9xico.-Claudia Sheinbaum, precandidata \u00fanica de Morena, PT y PVEM present\u00f3 a su equipo de precampa\u00f1a en el que estar\u00e1n, entre otros, Ricardo Monreal, Ad\u00e1n Augusto L\u00f3pez, Gerardo Fern\u00e1ndez Noro\u00f1a y Tatiana Clouthier. En un mensaje, Sheinbaum enlist\u00f3 a quienes la acompa\u00f1ar\u00e1n: Ad\u00e1n Augusto L\u00f3pez Hern\u00e1ndez, coordinador pol\u00edtico Mario Delgado, coordinador de precampa\u00f1a Ricardo [&hellip;]<\/p>\n","protected":false},"author":9,"featured_media":50657,"comment_status":"closed","ping_status":"closed","sticky":false,"template":"","format":"standard","meta":{"footnotes":""},"categories":[19],"tags":[8496,1562,1884,2858],"class_list":["post-50656","post","type-post","status-publish","format-standard","has-post-thumbnail","hentry","category-nacional","tag-claudiasheinbaum","tag-morena","tag-pt","tag-pvem"],"_links":{"self":[{"href":"https:\/\/laultimapalabra.com.mx\/portal\/wp-json\/wp\/v2\/posts\/50656","targetHints":{"allow":["GET"]}}],"collection":[{"href":"https:\/\/laultimapalabra.com.mx\/portal\/wp-json\/wp\/v2\/posts"}],"about":[{"href":"https:\/\/laultimapalabra.com.mx\/portal\/wp-json\/wp\/v2\/types\/post"}],"author":[{"embeddable":true,"href":"https:\/\/laultimapalabra.com.mx\/portal\/wp-json\/wp\/v2\/users\/9"}],"replies":[{"embeddable":true,"href":"https:\/\/laultimapalabra.com.mx\/portal\/wp-json\/wp\/v2\/comments?post=50656"}],"version-history":[{"count":1,"href":"https:\/\/laultimapalabra.com.mx\/portal\/wp-json\/wp\/v2\/posts\/50656\/revisions"}],"predecessor-version":[{"id":50658,"href":"https:\/\/laultimapalabra.com.mx\/portal\/wp-json\/wp\/v2\/posts\/50656\/revisions\/50658"}],"wp:featuredmedia":[{"embeddable":true,"href":"https:\/\/laultimapalabra.com.mx\/portal\/wp-json\/wp\/v2\/media\/50657"}],"wp:attachment":[{"href":"https:\/\/laultimapalabra.com.mx\/portal\/wp-json\/wp\/v2\/media?parent=50656"}],"wp:term":[{"taxonomy":"category","embeddable":true,"href":"https:\/\/laultimapalabra.com.mx\/portal\/wp-json\/wp\/v2\/categories?post=50656"},{"taxonomy":"post_tag","embeddable":true,"href":"https:\/\/laultimapalabra.com.mx\/portal\/wp-json\/wp\/v2\/tags?post=50656"}],"curies":[{"name":"wp","href":"https:\/\/api.w.org\/{rel}","templated":true}]}}