                       {"id":50711,"date":"2023-11-28T13:15:01","date_gmt":"2023-11-28T19:15:01","guid":{"rendered":"https:\/\/laultimapalabra.com.mx\/portal\/?p=50711"},"modified":"2023-11-28T13:15:01","modified_gmt":"2023-11-28T19:15:01","slug":"fallo-de-ascensor-de-una-mina-en-sudafrica-deja-once-muertos-y-75-heridos","status":"publish","type":"post","link":"https:\/\/laultimapalabra.com.mx\/portal\/fallo-de-ascensor-de-una-mina-en-sudafrica-deja-once-muertos-y-75-heridos\/","title":{"rendered":"Fallo de ascensor de una mina en Sud\u00e1frica deja once muertos y 75 heridos"},"content":{"rendered":"<p>Johannesburgo. Once personas murieron y 75 resultaron heridas en una mina de platino en Sud\u00e1frica cuando un ascensor se desplom\u00f3 200 metros de improviso cuando llevaba trabajadores a la superficie, seg\u00fan dijo el martes la operadora de la mina.<\/p>\n<p>El suceso ocurri\u00f3 el lunes por la noche cuando terminaba el turno de los trabajadores en una mina en la ciudad norte\u00f1a de Rustenburg. Los trabajadores heridos fueron hospitalizados.<\/p>\n<p>El director general de Impala Platinum Holdings (Implats), Nico Muller, dijo en un comunicado que era \u201cel d\u00eda m\u00e1s oscuro en la historia de Implats\u201d. La firma dijo que ya se hab\u00eda abierto una investigaci\u00f3n sobre la causa del siniestro y que la mina hab\u00eda suspendido todas las operaciones el martes.<\/p>\n<p>Los 86 mineros afectados estaban dentro del ascensor cuando cay\u00f3, indic\u00f3 el vocero de Implats Johan Theron. Algunos de los heridos sufrieron \u201cfracturas graves\u201d, dijo. Theron dijo que el ascensor hab\u00eda ca\u00eddo unos 200 metros por el hueco, aunque eso era s\u00f3lo una estimaci\u00f3n inicial. Se trataba de un accidente muy inusual, a\u00f1adi\u00f3.<\/p>\n<p>Sud\u00e1frica es el mayor productor de platino del mundo.<\/p>\n<p>El pa\u00eds sufri\u00f3 un total de 49 muertes en accidentes mineros en 2022, un descenso respecto a las 74 del a\u00f1o anterior. Las muertes por accidentes mineros en Sud\u00e1frica se han ido reduciendo de forma continuada durante las \u00faltimas dos d\u00e9cadas desde las casi 300 del a\u00f1o 2000, seg\u00fan cifras del gobierno sudafricano.<\/p>\n<p>FUENTE: LA JORNADA<\/p>\n<p>Cr\u00e9ditos: Ap<\/p>\n<p>&nbsp;<\/p>\n","protected":false},"excerpt":{"rendered":"<p>Johannesburgo. Once personas murieron y 75 resultaron heridas en una mina de platino en Sud\u00e1frica cuando un ascensor se desplom\u00f3 200 metros de improviso cuando llevaba trabajadores a la superficie, seg\u00fan dijo el martes la operadora de la mina. El suceso ocurri\u00f3 el lunes por la noche cuando terminaba el turno de los trabajadores en [&hellip;]<\/p>\n","protected":false},"author":9,"featured_media":50712,"comment_status":"closed","ping_status":"closed","sticky":false,"template":"","format":"standard","meta":{"footnotes":""},"categories":[16],"tags":[4196,10743,10744,4371,8249],"class_list":["post-50711","post","type-post","status-publish","format-standard","has-post-thumbnail","hentry","category-internacional","tag-accidente","tag-falladeascensor","tag-mina","tag-muertos","tag-sudafrica"],"_links":{"self":[{"href":"https:\/\/laultimapalabra.com.mx\/portal\/wp-json\/wp\/v2\/posts\/50711","targetHints":{"allow":["GET"]}}],"collection":[{"href":"https:\/\/laultimapalabra.com.mx\/portal\/wp-json\/wp\/v2\/posts"}],"about":[{"href":"https:\/\/laultimapalabra.com.mx\/portal\/wp-json\/wp\/v2\/types\/post"}],"author":[{"embeddable":true,"href":"https:\/\/laultimapalabra.com.mx\/portal\/wp-json\/wp\/v2\/users\/9"}],"replies":[{"embeddable":true,"href":"https:\/\/laultimapalabra.com.mx\/portal\/wp-json\/wp\/v2\/comments?post=50711"}],"version-history":[{"count":1,"href":"https:\/\/laultimapalabra.com.mx\/portal\/wp-json\/wp\/v2\/posts\/50711\/revisions"}],"predecessor-version":[{"id":50713,"href":"https:\/\/laultimapalabra.com.mx\/portal\/wp-json\/wp\/v2\/posts\/50711\/revisions\/50713"}],"wp:featuredmedia":[{"embeddable":true,"href":"https:\/\/laultimapalabra.com.mx\/portal\/wp-json\/wp\/v2\/media\/50712"}],"wp:attachment":[{"href":"https:\/\/laultimapalabra.com.mx\/portal\/wp-json\/wp\/v2\/media?parent=50711"}],"wp:term":[{"taxonomy":"category","embeddable":true,"href":"https:\/\/laultimapalabra.com.mx\/portal\/wp-json\/wp\/v2\/categories?post=50711"},{"taxonomy":"post_tag","embeddable":true,"href":"https:\/\/laultimapalabra.com.mx\/portal\/wp-json\/wp\/v2\/tags?post=50711"}],"curies":[{"name":"wp","href":"https:\/\/api.w.org\/{rel}","templated":true}]}}