                       {"id":50806,"date":"2023-11-30T12:35:59","date_gmt":"2023-11-30T18:35:59","guid":{"rendered":"https:\/\/laultimapalabra.com.mx\/portal\/?p=50806"},"modified":"2023-11-30T12:35:59","modified_gmt":"2023-11-30T18:35:59","slug":"detienen-a-presunto-lider-criminal-en-guadalupe","status":"publish","type":"post","link":"https:\/\/laultimapalabra.com.mx\/portal\/detienen-a-presunto-lider-criminal-en-guadalupe\/","title":{"rendered":"Detienen a presunto l\u00edder criminal en Guadalupe"},"content":{"rendered":"<p>Guadalupe N.L.- El d\u00eda de ayer mi\u00e9rcoles Elementos de Fuerza Civil detuvieron a un hombre presuntamente vinculado a un grupo criminal con presencia nacional, en el municipio de Guadalupe.<\/p>\n<p>Los hechos se registraron sobre la calle Arrollo La Talaverna entre Zanja y Paseo de los N\u00edsperos, en la colonia Paseo de San Miguel.<\/p>\n<p>Los uniformados observaron un veh\u00edculo Nissan Sentra que era conducido por un sujeto, cuyas caracter\u00edsticas coincid\u00edan con la informaci\u00f3n proporcionada para dar con su ubicaci\u00f3n.<\/p>\n<p>Los oficiales pidieron que se detuviera, el hombre se identifico como Cristian N. de 39 a\u00f1os de edad y accedi\u00f3 a una revisi\u00f3n precautoria.<\/p>\n<p>Entre sus pertenencias, el sujeto ten\u00eda un arma larga abastecida con 30 balas y una segunda pistola abastecida con 10 balas.<\/p>\n<p>Adem\u00e1s, contaba con siete cargadores con un total 90 cartuchos, 40 envoltorios con una sustancia s\u00f3lida parecida al cristal, ocho bolsas con hierba verde y seca con las caracter\u00edsticas de la mariguana, una placa de circulaci\u00f3n, un chaleco bal\u00edstico, dinero en efectivo y dos celulares.<\/p>\n<p>Gracias a informaci\u00f3n proporcionada por el Grupo de Coordinaci\u00f3n para la Seguridad de Nuevo Le\u00f3n, se obtuvieron datos en los cuales se menciona al var\u00f3n como presunto integrante de un grupo de la delincuencia organizada con presencia nacional que ha generado violencia en el Estado.<\/p>\n<p>Por tal motivo, fue detenido y puesto a disposici\u00f3n del Ministerio P\u00fablico para definir su situaci\u00f3n jur\u00eddica.<\/p>\n","protected":false},"excerpt":{"rendered":"<p>Guadalupe N.L.- El d\u00eda de ayer mi\u00e9rcoles Elementos de Fuerza Civil detuvieron a un hombre presuntamente vinculado a un grupo criminal con presencia nacional, en el municipio de Guadalupe. Los hechos se registraron sobre la calle Arrollo La Talaverna entre Zanja y Paseo de los N\u00edsperos, en la colonia Paseo de San Miguel. Los uniformados [&hellip;]<\/p>\n","protected":false},"author":9,"featured_media":50807,"comment_status":"closed","ping_status":"closed","sticky":false,"template":"","format":"standard","meta":{"footnotes":""},"categories":[15],"tags":[819,3781,10769,5859],"class_list":["post-50806","post","type-post","status-publish","format-standard","has-post-thumbnail","hentry","category-estado","tag-detenido","tag-guadalupe-nl","tag-presuntolidercriminal","tag-ultimas-noticias"],"_links":{"self":[{"href":"https:\/\/laultimapalabra.com.mx\/portal\/wp-json\/wp\/v2\/posts\/50806","targetHints":{"allow":["GET"]}}],"collection":[{"href":"https:\/\/laultimapalabra.com.mx\/portal\/wp-json\/wp\/v2\/posts"}],"about":[{"href":"https:\/\/laultimapalabra.com.mx\/portal\/wp-json\/wp\/v2\/types\/post"}],"author":[{"embeddable":true,"href":"https:\/\/laultimapalabra.com.mx\/portal\/wp-json\/wp\/v2\/users\/9"}],"replies":[{"embeddable":true,"href":"https:\/\/laultimapalabra.com.mx\/portal\/wp-json\/wp\/v2\/comments?post=50806"}],"version-history":[{"count":1,"href":"https:\/\/laultimapalabra.com.mx\/portal\/wp-json\/wp\/v2\/posts\/50806\/revisions"}],"predecessor-version":[{"id":50808,"href":"https:\/\/laultimapalabra.com.mx\/portal\/wp-json\/wp\/v2\/posts\/50806\/revisions\/50808"}],"wp:featuredmedia":[{"embeddable":true,"href":"https:\/\/laultimapalabra.com.mx\/portal\/wp-json\/wp\/v2\/media\/50807"}],"wp:attachment":[{"href":"https:\/\/laultimapalabra.com.mx\/portal\/wp-json\/wp\/v2\/media?parent=50806"}],"wp:term":[{"taxonomy":"category","embeddable":true,"href":"https:\/\/laultimapalabra.com.mx\/portal\/wp-json\/wp\/v2\/categories?post=50806"},{"taxonomy":"post_tag","embeddable":true,"href":"https:\/\/laultimapalabra.com.mx\/portal\/wp-json\/wp\/v2\/tags?post=50806"}],"curies":[{"name":"wp","href":"https:\/\/api.w.org\/{rel}","templated":true}]}}