                       {"id":50820,"date":"2023-11-30T13:10:13","date_gmt":"2023-11-30T19:10:13","guid":{"rendered":"https:\/\/laultimapalabra.com.mx\/portal\/?p=50820"},"modified":"2023-11-30T13:10:13","modified_gmt":"2023-11-30T19:10:13","slug":"que-se-jodan-elon-musk-responde-a-quienes-ya-no-quieren-anunciarse-en-x","status":"publish","type":"post","link":"https:\/\/laultimapalabra.com.mx\/portal\/que-se-jodan-elon-musk-responde-a-quienes-ya-no-quieren-anunciarse-en-x\/","title":{"rendered":"\u2018Que se jodan\u2019: Elon Musk responde a quienes ya no quieren anunciarse en X"},"content":{"rendered":"<p>Estados Unidos. &#8211; El magnate y due\u00f1o de la red social X, antes Twitter, Elon Musk, arremeti\u00f3 en contra de los grandes anunciantes que ahora se niegan a utilizar su plataforma, a partir de los mensajes calificados \u201cantisemitas\u201d publicados por el millonario en semanas pasadas, cuando respondi\u00f3 a una publicaci\u00f3n incitando al odio en contra de \u201chordas de minor\u00edas\u201d haciendo referencia al pueblo jud\u00edo.<\/p>\n<p>\u201cQue se jodan, si alguien va a intentar chantajearme con publicidad \u00bfChantajearme con dinero? Vete a la mierda. Vete. Vete a la mierda. \u00bfEst\u00e1 claro?\u201d, dijo.<\/p>\n<p>Despu\u00e9s el magnate admiti\u00f3 en un foro en Nueva York que si los grandes anunciantes contin\u00faan abandonando la plataforma &#8220;matar\u00e1n a la compa\u00f1\u00eda&#8221;.<\/p>\n<p>Desde mediados de noviembre, grandes empresas como Apple, IBM o Disney decidieron suspender su publicidad en X tras un pol\u00e9mico comentario de Musk que apoyaba una teor\u00eda de la conspiraci\u00f3n sobre las comunidades jud\u00edas.<\/p>\n<p>&#8220;El mundo entero sabr\u00e1 que esos anunciantes mataron a la compa\u00f1\u00eda. A ver c\u00f3mo responde la Tierra a eso&#8221;, aventur\u00f3 el empresario.<\/p>\n<p>seg\u00fan el peri\u00f3dico The New York Times, la salida de estas empresas podr\u00eda costarle hasta 75 millones de d\u00f3lares a la red social antes de que termine el a\u00f1o.<\/p>\n<p>Durante el foro organizado por el peri\u00f3dico neoyorquino, Musk se neg\u00f3 a responder de buena fe a las preguntas del presentador, el columnista Andrew Ross Sorkin, sobre el \u00e9xodo de anunciantes.<\/p>\n<p>FUENTE: ABC NOTICIAS<\/p>\n<p>Cr\u00e9ditos: archivo<\/p>\n","protected":false},"excerpt":{"rendered":"<p>Estados Unidos. &#8211; El magnate y due\u00f1o de la red social X, antes Twitter, Elon Musk, arremeti\u00f3 en contra de los grandes anunciantes que ahora se niegan a utilizar su plataforma, a partir de los mensajes calificados \u201cantisemitas\u201d publicados por el millonario en semanas pasadas, cuando respondi\u00f3 a una publicaci\u00f3n incitando al odio en contra [&hellip;]<\/p>\n","protected":false},"author":9,"featured_media":50821,"comment_status":"closed","ping_status":"closed","sticky":false,"template":"","format":"standard","meta":{"footnotes":""},"categories":[16],"tags":[4230,10774,10773,5859],"class_list":["post-50820","post","type-post","status-publish","format-standard","has-post-thumbnail","hentry","category-internacional","tag-elon-musk","tag-nieganusarlaplataforma","tag-redsocial","tag-ultimas-noticias"],"_links":{"self":[{"href":"https:\/\/laultimapalabra.com.mx\/portal\/wp-json\/wp\/v2\/posts\/50820","targetHints":{"allow":["GET"]}}],"collection":[{"href":"https:\/\/laultimapalabra.com.mx\/portal\/wp-json\/wp\/v2\/posts"}],"about":[{"href":"https:\/\/laultimapalabra.com.mx\/portal\/wp-json\/wp\/v2\/types\/post"}],"author":[{"embeddable":true,"href":"https:\/\/laultimapalabra.com.mx\/portal\/wp-json\/wp\/v2\/users\/9"}],"replies":[{"embeddable":true,"href":"https:\/\/laultimapalabra.com.mx\/portal\/wp-json\/wp\/v2\/comments?post=50820"}],"version-history":[{"count":1,"href":"https:\/\/laultimapalabra.com.mx\/portal\/wp-json\/wp\/v2\/posts\/50820\/revisions"}],"predecessor-version":[{"id":50822,"href":"https:\/\/laultimapalabra.com.mx\/portal\/wp-json\/wp\/v2\/posts\/50820\/revisions\/50822"}],"wp:featuredmedia":[{"embeddable":true,"href":"https:\/\/laultimapalabra.com.mx\/portal\/wp-json\/wp\/v2\/media\/50821"}],"wp:attachment":[{"href":"https:\/\/laultimapalabra.com.mx\/portal\/wp-json\/wp\/v2\/media?parent=50820"}],"wp:term":[{"taxonomy":"category","embeddable":true,"href":"https:\/\/laultimapalabra.com.mx\/portal\/wp-json\/wp\/v2\/categories?post=50820"},{"taxonomy":"post_tag","embeddable":true,"href":"https:\/\/laultimapalabra.com.mx\/portal\/wp-json\/wp\/v2\/tags?post=50820"}],"curies":[{"name":"wp","href":"https:\/\/api.w.org\/{rel}","templated":true}]}}