                       {"id":50878,"date":"2023-12-01T14:14:14","date_gmt":"2023-12-01T20:14:14","guid":{"rendered":"https:\/\/laultimapalabra.com.mx\/portal\/?p=50878"},"modified":"2023-12-01T14:14:14","modified_gmt":"2023-12-01T20:14:14","slug":"mujer-de-70-anos-da-a-luz-a-gemelos-en-uganda","status":"publish","type":"post","link":"https:\/\/laultimapalabra.com.mx\/portal\/mujer-de-70-anos-da-a-luz-a-gemelos-en-uganda\/","title":{"rendered":"Mujer de 70 a\u00f1os da a luz a gemelos en Uganda"},"content":{"rendered":"<p>Una mujer ugandesa de 70 a\u00f1os se convirti\u00f3 en la madre m\u00e1s longeva de \u00c1frica al dar a luz a gemelos en un centro m\u00e9dico de la capital, Kampala. La madre, identificada como Safina Namukwaya, quien recibi\u00f3 tratamiento de fertilidad, considera el nacimiento de los gemelos como un &#8220;milagro&#8221;.<\/p>\n<p>El parto fue seguido por el doctor Edward Tamale Sali, quien inform\u00f3 que la madre y los beb\u00e9s, una ni\u00f1a y un ni\u00f1o, est\u00e1n en buen estado de salud y bajo observaci\u00f3n m\u00e9dica. Namukwaya ya hab\u00eda tenido una hija en 2020 despu\u00e9s de varios intentos infructuosos en su matrimonio anterior.<\/p>\n<p>Su actual pareja, aunque no estuvo presente en el parto, podr\u00eda estar preocupado por las responsabilidades adicionales que conlleva tener gemelos.<\/p>\n<p>La madre solo expres\u00f3 su alegr\u00eda por la llegada de los beb\u00e9s.<\/p>\n<p>FUENTE: INFO7<\/p>\n<p>Cr\u00e9ditos foto: info7<\/p>\n<p>&nbsp;<\/p>\n","protected":false},"excerpt":{"rendered":"<p>Una mujer ugandesa de 70 a\u00f1os se convirti\u00f3 en la madre m\u00e1s longeva de \u00c1frica al dar a luz a gemelos en un centro m\u00e9dico de la capital, Kampala. La madre, identificada como Safina Namukwaya, quien recibi\u00f3 tratamiento de fertilidad, considera el nacimiento de los gemelos como un &#8220;milagro&#8221;. El parto fue seguido por el [&hellip;]<\/p>\n","protected":false},"author":9,"featured_media":50879,"comment_status":"closed","ping_status":"closed","sticky":false,"template":"","format":"standard","meta":{"footnotes":""},"categories":[16],"tags":[10786,10788,10787,10785,5859],"class_list":["post-50878","post","type-post","status-publish","format-standard","has-post-thumbnail","hentry","category-internacional","tag-70anos","tag-africa","tag-gemelos","tag-madremaslongeva","tag-ultimas-noticias"],"_links":{"self":[{"href":"https:\/\/laultimapalabra.com.mx\/portal\/wp-json\/wp\/v2\/posts\/50878","targetHints":{"allow":["GET"]}}],"collection":[{"href":"https:\/\/laultimapalabra.com.mx\/portal\/wp-json\/wp\/v2\/posts"}],"about":[{"href":"https:\/\/laultimapalabra.com.mx\/portal\/wp-json\/wp\/v2\/types\/post"}],"author":[{"embeddable":true,"href":"https:\/\/laultimapalabra.com.mx\/portal\/wp-json\/wp\/v2\/users\/9"}],"replies":[{"embeddable":true,"href":"https:\/\/laultimapalabra.com.mx\/portal\/wp-json\/wp\/v2\/comments?post=50878"}],"version-history":[{"count":1,"href":"https:\/\/laultimapalabra.com.mx\/portal\/wp-json\/wp\/v2\/posts\/50878\/revisions"}],"predecessor-version":[{"id":50880,"href":"https:\/\/laultimapalabra.com.mx\/portal\/wp-json\/wp\/v2\/posts\/50878\/revisions\/50880"}],"wp:featuredmedia":[{"embeddable":true,"href":"https:\/\/laultimapalabra.com.mx\/portal\/wp-json\/wp\/v2\/media\/50879"}],"wp:attachment":[{"href":"https:\/\/laultimapalabra.com.mx\/portal\/wp-json\/wp\/v2\/media?parent=50878"}],"wp:term":[{"taxonomy":"category","embeddable":true,"href":"https:\/\/laultimapalabra.com.mx\/portal\/wp-json\/wp\/v2\/categories?post=50878"},{"taxonomy":"post_tag","embeddable":true,"href":"https:\/\/laultimapalabra.com.mx\/portal\/wp-json\/wp\/v2\/tags?post=50878"}],"curies":[{"name":"wp","href":"https:\/\/api.w.org\/{rel}","templated":true}]}}