                       {"id":50917,"date":"2023-12-02T12:04:29","date_gmt":"2023-12-02T18:04:29","guid":{"rendered":"https:\/\/laultimapalabra.com.mx\/portal\/?p=50917"},"modified":"2023-12-02T12:04:29","modified_gmt":"2023-12-02T18:04:29","slug":"samuel-garcia-suspende-su-precampana-por-la-presidencia","status":"publish","type":"post","link":"https:\/\/laultimapalabra.com.mx\/portal\/samuel-garcia-suspende-su-precampana-por-la-presidencia\/","title":{"rendered":"Samuel Garc\u00eda suspende su precampa\u00f1a por la presidencia"},"content":{"rendered":"<p>Monterrey.- El gobernador Samuel Garc\u00eda, suspendi\u00f3 su precampa\u00f1a a la presidencia que estaba programada a iniciar este 2 de diciembre de 2023.<\/p>\n<p>&nbsp;<\/p>\n<p>Luego de que entrara en funci\u00f3n la licencia de seis meses para contender por la rep\u00fablica, Samuel retom\u00f3 el cargo como gobernador del estado de forma inesperada en medio del inicio de funciones del gobernador interino Luis Enrique Orozco.<\/p>\n<p>&nbsp;<\/p>\n<p>La notificaci\u00f3n para Orozco fue hecha por el secretario de gobierno, Javier Navarro con una copia del anuncio publicado en el Peri\u00f3dico Oficial del Estado, mientras el interino realizaba su primera conferencia de prensa en las escaleras del Palacio de Gobierno.<\/p>\n<p>&nbsp;<\/p>\n<p>Luego de que Orozco ofreciera continuidad a los proyectos de Samuel y coordinaci\u00f3n durante el periodo de interino, este abandon\u00f3 el palacio sin que tuviera una resoluci\u00f3n clara, asegurando que \u00e9l era el gobernador.<\/p>\n<p>&nbsp;<\/p>\n<p>Mediante un mensaje, el equipo de precampa\u00f1a de Samuel inform\u00f3; &#8220;El Gobernador, Samuel Garc\u00eda Sep\u00falveda est\u00e1 garantizando la estabilidad pol\u00edtica de Nuevo Le\u00f3n como asegur\u00f3 desde el inicio de su mandato, por esta raz\u00f3n, la gira programada para este fin de semana, se pospone hasta nuevo aviso. Gracias&#8221;.<\/p>\n<p>&nbsp;<\/p>\n<p>Dijo en sus redes sociales que ya comunic\u00f3 al gabinete que reasumi\u00f3 su cargo.<\/p>\n<p>&nbsp;<\/p>\n<p>&#8220;Nuevo Le\u00f3n, ya comuniqu\u00e9 al gabinete que reasum\u00ed legal y formalmente funciones, los he convocado el d\u00eda de ma\u00f1ana a primera hora para seguir construyendo el nuevo Nuevo Le\u00f3n&#8221;, inform\u00f3 Samuel.<\/p>\n<p>FUENTE: ABC NOTICIAS<\/p>\n","protected":false},"excerpt":{"rendered":"<p>Monterrey.- El gobernador Samuel Garc\u00eda, suspendi\u00f3 su precampa\u00f1a a la presidencia que estaba programada a iniciar este 2 de diciembre de 2023. &nbsp; Luego de que entrara en funci\u00f3n la licencia de seis meses para contender por la rep\u00fablica, Samuel retom\u00f3 el cargo como gobernador del estado de forma inesperada en medio del inicio de [&hellip;]<\/p>\n","protected":false},"author":9,"featured_media":50918,"comment_status":"closed","ping_status":"closed","sticky":false,"template":"","format":"standard","meta":{"footnotes":""},"categories":[15],"tags":[8442,5037,5859],"class_list":["post-50917","post","type-post","status-publish","format-standard","has-post-thumbnail","hentry","category-estado","tag-presidencia","tag-samuelgarcia","tag-ultimas-noticias"],"_links":{"self":[{"href":"https:\/\/laultimapalabra.com.mx\/portal\/wp-json\/wp\/v2\/posts\/50917","targetHints":{"allow":["GET"]}}],"collection":[{"href":"https:\/\/laultimapalabra.com.mx\/portal\/wp-json\/wp\/v2\/posts"}],"about":[{"href":"https:\/\/laultimapalabra.com.mx\/portal\/wp-json\/wp\/v2\/types\/post"}],"author":[{"embeddable":true,"href":"https:\/\/laultimapalabra.com.mx\/portal\/wp-json\/wp\/v2\/users\/9"}],"replies":[{"embeddable":true,"href":"https:\/\/laultimapalabra.com.mx\/portal\/wp-json\/wp\/v2\/comments?post=50917"}],"version-history":[{"count":1,"href":"https:\/\/laultimapalabra.com.mx\/portal\/wp-json\/wp\/v2\/posts\/50917\/revisions"}],"predecessor-version":[{"id":50919,"href":"https:\/\/laultimapalabra.com.mx\/portal\/wp-json\/wp\/v2\/posts\/50917\/revisions\/50919"}],"wp:featuredmedia":[{"embeddable":true,"href":"https:\/\/laultimapalabra.com.mx\/portal\/wp-json\/wp\/v2\/media\/50918"}],"wp:attachment":[{"href":"https:\/\/laultimapalabra.com.mx\/portal\/wp-json\/wp\/v2\/media?parent=50917"}],"wp:term":[{"taxonomy":"category","embeddable":true,"href":"https:\/\/laultimapalabra.com.mx\/portal\/wp-json\/wp\/v2\/categories?post=50917"},{"taxonomy":"post_tag","embeddable":true,"href":"https:\/\/laultimapalabra.com.mx\/portal\/wp-json\/wp\/v2\/tags?post=50917"}],"curies":[{"name":"wp","href":"https:\/\/api.w.org\/{rel}","templated":true}]}}