                       {"id":50971,"date":"2023-12-04T12:26:08","date_gmt":"2023-12-04T18:26:08","guid":{"rendered":"https:\/\/laultimapalabra.com.mx\/portal\/?p=50971"},"modified":"2023-12-04T12:26:08","modified_gmt":"2023-12-04T18:26:08","slug":"quieren-hundir-a-samuel","status":"publish","type":"post","link":"https:\/\/laultimapalabra.com.mx\/portal\/quieren-hundir-a-samuel\/","title":{"rendered":"\u201cQuieren hundir a Samuel\u201d"},"content":{"rendered":"<p>AMLO dice que el PRIAN es capaz de dar \u201cgolpe de Estado\u201d en NL para descarrilar a MC<\/p>\n<p>Luego de la crisis pol\u00edtica que se agrav\u00f3 este fin de semana por todo lo ocurrido en Nuevo Le\u00f3n, el mandatario mexicano mostr\u00f3 su postura, en la cual se\u00f1al\u00f3 al PRIAN de irse con todo contra la precandidatura presidencial de Samuel Garc\u00eda al considerar que divid\u00eda el voto de las clases medias.<\/p>\n<p>Ciudad de M\u00e9xico, 4 de diciembre (Sin Embargo). &#8211; El Presidente Andr\u00e9s Manuel L\u00f3pez Obrador dijo la ma\u00f1ana de este lunes que las y los opositores de Samuel Garc\u00eda Sep\u00falveda, es decir, el Partido Revolucionario Institucional (PRI) y el Partido Acci\u00f3n Nacional (PAN), \u201cson capaces hasta de dar un golpe de Estado\u201d en Nuevo Le\u00f3n para descarrilar la precandidatura presidencial de Movimiento Ciudadano (MC), pues \u00e9sta divid\u00eda el voto de las clases medias en M\u00e9xico.<\/p>\n<p>Durante su conferencia de prensa matutina, habl\u00f3 de la crisis pol\u00edtica que se agrav\u00f3 este fin de semana en la entidad del norte del pa\u00eds, la cual surgi\u00f3 despu\u00e9s de que Garc\u00eda Sep\u00falveda solicitara licencia para separarse del cargo con el objetivo de ser el precandidato del partido naranja para buscar la Presidencia de la Rep\u00fablica en 2024.<\/p>\n<p>Aunque el Congreso de Nuevo Le\u00f3n aprob\u00f3 que pod\u00eda abandonar sus funciones como Gobernador del 2 de diciembre de 2023 al 2 de junio del 2024, se comenz\u00f3 una lucha para ver qui\u00e9n se quedar\u00eda al frente de la administraci\u00f3n estatal, ya que la alianza del PRIAN busca que una persona de sus filas consiga esa posici\u00f3n y no alguien cercano al emecista, tal y como \u00e9l propuso sin \u00e9xito.<\/p>\n<p>FUENTE: SIN EMBARGO<\/p>\n<p>Cr\u00e9ditos foto: sin embargo<\/p>\n","protected":false},"excerpt":{"rendered":"<p>AMLO dice que el PRIAN es capaz de dar \u201cgolpe de Estado\u201d en NL para descarrilar a MC Luego de la crisis pol\u00edtica que se agrav\u00f3 este fin de semana por todo lo ocurrido en Nuevo Le\u00f3n, el mandatario mexicano mostr\u00f3 su postura, en la cual se\u00f1al\u00f3 al PRIAN de irse con todo contra la [&hellip;]<\/p>\n","protected":false},"author":9,"featured_media":50972,"comment_status":"closed","ping_status":"closed","sticky":false,"template":"","format":"standard","meta":{"footnotes":""},"categories":[19],"tags":[124,10809,5436,10808,5037,5859],"class_list":["post-50971","post","type-post","status-publish","format-standard","has-post-thumbnail","hentry","category-nacional","tag-amlo","tag-crisispolitica","tag-golpedeestado","tag-quierenhundirasamuel","tag-samuelgarcia","tag-ultimas-noticias"],"_links":{"self":[{"href":"https:\/\/laultimapalabra.com.mx\/portal\/wp-json\/wp\/v2\/posts\/50971","targetHints":{"allow":["GET"]}}],"collection":[{"href":"https:\/\/laultimapalabra.com.mx\/portal\/wp-json\/wp\/v2\/posts"}],"about":[{"href":"https:\/\/laultimapalabra.com.mx\/portal\/wp-json\/wp\/v2\/types\/post"}],"author":[{"embeddable":true,"href":"https:\/\/laultimapalabra.com.mx\/portal\/wp-json\/wp\/v2\/users\/9"}],"replies":[{"embeddable":true,"href":"https:\/\/laultimapalabra.com.mx\/portal\/wp-json\/wp\/v2\/comments?post=50971"}],"version-history":[{"count":1,"href":"https:\/\/laultimapalabra.com.mx\/portal\/wp-json\/wp\/v2\/posts\/50971\/revisions"}],"predecessor-version":[{"id":50973,"href":"https:\/\/laultimapalabra.com.mx\/portal\/wp-json\/wp\/v2\/posts\/50971\/revisions\/50973"}],"wp:featuredmedia":[{"embeddable":true,"href":"https:\/\/laultimapalabra.com.mx\/portal\/wp-json\/wp\/v2\/media\/50972"}],"wp:attachment":[{"href":"https:\/\/laultimapalabra.com.mx\/portal\/wp-json\/wp\/v2\/media?parent=50971"}],"wp:term":[{"taxonomy":"category","embeddable":true,"href":"https:\/\/laultimapalabra.com.mx\/portal\/wp-json\/wp\/v2\/categories?post=50971"},{"taxonomy":"post_tag","embeddable":true,"href":"https:\/\/laultimapalabra.com.mx\/portal\/wp-json\/wp\/v2\/tags?post=50971"}],"curies":[{"name":"wp","href":"https:\/\/api.w.org\/{rel}","templated":true}]}}