                       {"id":50988,"date":"2023-12-04T13:05:04","date_gmt":"2023-12-04T19:05:04","guid":{"rendered":"https:\/\/laultimapalabra.com.mx\/portal\/?p=50988"},"modified":"2023-12-04T13:05:04","modified_gmt":"2023-12-04T19:05:04","slug":"conmemoran-dia-internacional-de-personas-con-discapacidad-y-realizan-festejo-navideno","status":"publish","type":"post","link":"https:\/\/laultimapalabra.com.mx\/portal\/conmemoran-dia-internacional-de-personas-con-discapacidad-y-realizan-festejo-navideno\/","title":{"rendered":"Conmemoran D\u00eda Internacional de Personas con Discapacidad y realizan festejo navide\u00f1o\u00a0"},"content":{"rendered":"<p>Cadereyta Jim\u00e9nez, N.L.- El Gobierno de Cadereyta en coordinaci\u00f3n con la Unidad Operativa de Prestaciones Sociales n\u00famero 5 del Instituto Mexicano del Seguro Social conmemoraron este lunes el D\u00eda Internacional de las Personas con Discapacidad.<\/p>\n<p>&nbsp;<\/p>\n<p>&nbsp;<\/p>\n<p>&nbsp;<\/p>\n<p><img loading=\"lazy\" decoding=\"async\" class=\"alignnone size-medium wp-image-50990\" src=\"https:\/\/laultimapalabra.com.mx\/portal\/wp-content\/uploads\/2023\/12\/IMG-20231204-WA0037-300x200.jpg\" alt=\"\" width=\"300\" height=\"200\" srcset=\"https:\/\/laultimapalabra.com.mx\/portal\/wp-content\/uploads\/2023\/12\/IMG-20231204-WA0037-300x200.jpg 300w, https:\/\/laultimapalabra.com.mx\/portal\/wp-content\/uploads\/2023\/12\/IMG-20231204-WA0037-1024x682.jpg 1024w, https:\/\/laultimapalabra.com.mx\/portal\/wp-content\/uploads\/2023\/12\/IMG-20231204-WA0037-768x512.jpg 768w, https:\/\/laultimapalabra.com.mx\/portal\/wp-content\/uploads\/2023\/12\/IMG-20231204-WA0037-1536x1023.jpg 1536w, https:\/\/laultimapalabra.com.mx\/portal\/wp-content\/uploads\/2023\/12\/IMG-20231204-WA0037.jpg 1600w\" sizes=\"auto, (max-width: 300px) 100vw, 300px\" \/><\/p>\n<p>Con mucha alegr\u00eda, m\u00fasica y bailables la Casa de D\u00eda del Adulto Mayor fue escenario de este evento y las autoridades municipales y del IMSS aprovecharon para llevar a cabo tambi\u00e9n un festejo navide\u00f1o con los asistentes al sitio.<\/p>\n<p>La conmemoraci\u00f3n y el convivio, fueron encabezados por el alcalde Cosme Juli\u00e1n Leal, su esposa Norma Garza Tijerina, presidenta del DIF jimenense y la encargada de la UOPS 5, Graciela Soto V\u00e1zquez.<\/p>\n<p>&nbsp;<\/p>\n<p>&nbsp;<\/p>\n<p>&nbsp;<\/p>\n<p>&nbsp;<\/p>\n<p><img loading=\"lazy\" decoding=\"async\" class=\"alignnone size-medium wp-image-50991\" src=\"https:\/\/laultimapalabra.com.mx\/portal\/wp-content\/uploads\/2023\/12\/IMG-20231204-WA0035-300x200.jpg\" alt=\"\" width=\"300\" height=\"200\" srcset=\"https:\/\/laultimapalabra.com.mx\/portal\/wp-content\/uploads\/2023\/12\/IMG-20231204-WA0035-300x200.jpg 300w, https:\/\/laultimapalabra.com.mx\/portal\/wp-content\/uploads\/2023\/12\/IMG-20231204-WA0035-1024x682.jpg 1024w, https:\/\/laultimapalabra.com.mx\/portal\/wp-content\/uploads\/2023\/12\/IMG-20231204-WA0035-768x512.jpg 768w, https:\/\/laultimapalabra.com.mx\/portal\/wp-content\/uploads\/2023\/12\/IMG-20231204-WA0035-1536x1023.jpg 1536w, https:\/\/laultimapalabra.com.mx\/portal\/wp-content\/uploads\/2023\/12\/IMG-20231204-WA0035.jpg 1600w\" sizes=\"auto, (max-width: 300px) 100vw, 300px\" \/><\/p>\n<p>\u201cMuy importante conmemorar esta fecha y convivir con todas nuestras personas especiales de Cadereyta, aprovechamos tambi\u00e9n para llevar a cabo una posada con todos ellos y tambi\u00e9n con nuestros adultos mayores que tanta energ\u00eda nos contagian, gracias a las autoridades del IMSS por colaborar en este gran evento\u201d, dijo el presidente municipal.<\/p>\n<p>Durante el festejo se llevaron a cabo diversos n\u00fameros musicales y posteriormente todos degustaron un sabroso almuerzo.<\/p>\n","protected":false},"excerpt":{"rendered":"<p>Cadereyta Jim\u00e9nez, N.L.- El Gobierno de Cadereyta en coordinaci\u00f3n con la Unidad Operativa de Prestaciones Sociales n\u00famero 5 del Instituto Mexicano del Seguro Social conmemoraron este lunes el D\u00eda Internacional de las Personas con Discapacidad. &nbsp; &nbsp; &nbsp; Con mucha alegr\u00eda, m\u00fasica y bailables la Casa de D\u00eda del Adulto Mayor fue escenario de este [&hellip;]<\/p>\n","protected":false},"author":9,"featured_media":50989,"comment_status":"closed","ping_status":"closed","sticky":false,"template":"","format":"standard","meta":{"footnotes":""},"categories":[17],"tags":[3840,8758,10816,10132,5859],"class_list":["post-50988","post","type-post","status-publish","format-standard","has-post-thumbnail","hentry","category-locales-cadereyta","tag-cadereyta-jimenez-nl","tag-dia-internacional","tag-festejo-navideno","tag-personascondiscapacidad","tag-ultimas-noticias"],"_links":{"self":[{"href":"https:\/\/laultimapalabra.com.mx\/portal\/wp-json\/wp\/v2\/posts\/50988","targetHints":{"allow":["GET"]}}],"collection":[{"href":"https:\/\/laultimapalabra.com.mx\/portal\/wp-json\/wp\/v2\/posts"}],"about":[{"href":"https:\/\/laultimapalabra.com.mx\/portal\/wp-json\/wp\/v2\/types\/post"}],"author":[{"embeddable":true,"href":"https:\/\/laultimapalabra.com.mx\/portal\/wp-json\/wp\/v2\/users\/9"}],"replies":[{"embeddable":true,"href":"https:\/\/laultimapalabra.com.mx\/portal\/wp-json\/wp\/v2\/comments?post=50988"}],"version-history":[{"count":1,"href":"https:\/\/laultimapalabra.com.mx\/portal\/wp-json\/wp\/v2\/posts\/50988\/revisions"}],"predecessor-version":[{"id":50992,"href":"https:\/\/laultimapalabra.com.mx\/portal\/wp-json\/wp\/v2\/posts\/50988\/revisions\/50992"}],"wp:featuredmedia":[{"embeddable":true,"href":"https:\/\/laultimapalabra.com.mx\/portal\/wp-json\/wp\/v2\/media\/50989"}],"wp:attachment":[{"href":"https:\/\/laultimapalabra.com.mx\/portal\/wp-json\/wp\/v2\/media?parent=50988"}],"wp:term":[{"taxonomy":"category","embeddable":true,"href":"https:\/\/laultimapalabra.com.mx\/portal\/wp-json\/wp\/v2\/categories?post=50988"},{"taxonomy":"post_tag","embeddable":true,"href":"https:\/\/laultimapalabra.com.mx\/portal\/wp-json\/wp\/v2\/tags?post=50988"}],"curies":[{"name":"wp","href":"https:\/\/api.w.org\/{rel}","templated":true}]}}