                       {"id":51103,"date":"2023-12-06T09:46:02","date_gmt":"2023-12-06T15:46:02","guid":{"rendered":"https:\/\/laultimapalabra.com.mx\/portal\/?p=51103"},"modified":"2023-12-06T09:46:02","modified_gmt":"2023-12-06T15:46:02","slug":"la-brujula-del-imss-marca-la-ruta-para-consolidar-el-nuevo-sistema-de-salud-en-mexico-zoe-robledo","status":"publish","type":"post","link":"https:\/\/laultimapalabra.com.mx\/portal\/la-brujula-del-imss-marca-la-ruta-para-consolidar-el-nuevo-sistema-de-salud-en-mexico-zoe-robledo\/","title":{"rendered":"La br\u00fajula del IMSS marca la ruta para consolidar el nuevo sistema de salud en M\u00e9xico: Zo\u00e9 Robledo"},"content":{"rendered":"<p>\u2022 El director general del Seguro Social encabez\u00f3 la 114 Asamblea General Ordinaria del Instituto y rindi\u00f3 su Informe de Labores 2022-2023.<\/p>\n<p>\u2022 Dijo que ya funciona una red de 697 Hospitales, 13 mil 966 Centros de Salud y est\u00e1 en proceso la basificaci\u00f3n del personal para atender a 53.2 millones de mexicanos.<\/p>\n<p>\u2022 En este evento se realiz\u00f3 la entrega de reconocimientos al M\u00e9rito M\u00e9dico, a la Atenci\u00f3n a la Emergencia por el hurac\u00e1n Otis, Premio IMSS a la Competitividad y Trayectoria Institucional, adem\u00e1s se devel\u00f3 el busto en honor al doctor Felipe Cruz Vega.<\/p>\n<p>&nbsp;<\/p>\n<p>\u201cMi br\u00fajula lo marc\u00f3 claro: la ruta correcta, no la obvia ni la sencilla, es consolidar el nuevo sistema de salud que merece el pueblo de M\u00e9xico y hacerlo desde la instituci\u00f3n m\u00e1s noble de esta patria. El Instituto Mexicano del Seguro Social\u201d, expres\u00f3 el director general, Zo\u00e9 Robledo, en el marco de la 114 Asamblea General Ordinaria del Instituto.<\/p>\n<p>&nbsp;<\/p>\n<p>&nbsp;<\/p>\n<p>&nbsp;<\/p>\n<p><img loading=\"lazy\" decoding=\"async\" class=\"alignnone size-medium wp-image-51105\" src=\"https:\/\/laultimapalabra.com.mx\/portal\/wp-content\/uploads\/2023\/12\/229A4196-300x200.jpg\" alt=\"\" width=\"300\" height=\"200\" srcset=\"https:\/\/laultimapalabra.com.mx\/portal\/wp-content\/uploads\/2023\/12\/229A4196-300x200.jpg 300w, https:\/\/laultimapalabra.com.mx\/portal\/wp-content\/uploads\/2023\/12\/229A4196-1024x683.jpg 1024w, https:\/\/laultimapalabra.com.mx\/portal\/wp-content\/uploads\/2023\/12\/229A4196-768x512.jpg 768w, https:\/\/laultimapalabra.com.mx\/portal\/wp-content\/uploads\/2023\/12\/229A4196-1536x1024.jpg 1536w, https:\/\/laultimapalabra.com.mx\/portal\/wp-content\/uploads\/2023\/12\/229A4196-2048x1365.jpg 2048w\" sizes=\"auto, (max-width: 300px) 100vw, 300px\" \/><\/p>\n<p>Destac\u00f3 que con la creaci\u00f3n del \u00d3rgano P\u00fablico Descentralizado (OPD) IMSS Bienestar, el pa\u00eds se encamina a la construcci\u00f3n del sistema de atenci\u00f3n m\u00e9dica m\u00e1s grande del planeta, esfuerzo que se hace una realidad gracias a la confianza y participaci\u00f3n de los gobernadores de 23 estados.<\/p>\n<p>&nbsp;<\/p>\n<p>&nbsp;<\/p>\n<p>&nbsp;<\/p>\n<p>&nbsp;<\/p>\n<p><img loading=\"lazy\" decoding=\"async\" class=\"alignnone size-medium wp-image-51106\" src=\"https:\/\/laultimapalabra.com.mx\/portal\/wp-content\/uploads\/2023\/12\/187A91582-300x194.jpg\" alt=\"\" width=\"300\" height=\"194\" srcset=\"https:\/\/laultimapalabra.com.mx\/portal\/wp-content\/uploads\/2023\/12\/187A91582-300x194.jpg 300w, https:\/\/laultimapalabra.com.mx\/portal\/wp-content\/uploads\/2023\/12\/187A91582-1024x663.jpg 1024w, https:\/\/laultimapalabra.com.mx\/portal\/wp-content\/uploads\/2023\/12\/187A91582-768x497.jpg 768w, https:\/\/laultimapalabra.com.mx\/portal\/wp-content\/uploads\/2023\/12\/187A91582-1536x994.jpg 1536w, https:\/\/laultimapalabra.com.mx\/portal\/wp-content\/uploads\/2023\/12\/187A91582-2048x1326.jpg 2048w\" sizes=\"auto, (max-width: 300px) 100vw, 300px\" \/><\/p>\n<p>Al rendir su Informe de Labores 2022-2023 y el Programa de Actividades 2023-2024 en la Unidad de Congresos del Centro M\u00e9dico Nacional (CMN) Siglo XXI, subray\u00f3 que ya funciona una red de 697 Hospitales, 13 mil 966 Centros de Salud y est\u00e1 en proceso la basificaci\u00f3n del personal para atender a m\u00e1s de 53.2 millones de mexicanos.<\/p>\n<p>&nbsp;<\/p>\n<p>&nbsp;<\/p>\n<p>&nbsp;<\/p>\n<p><img loading=\"lazy\" decoding=\"async\" class=\"alignnone size-medium wp-image-51107\" src=\"https:\/\/laultimapalabra.com.mx\/portal\/wp-content\/uploads\/2023\/12\/229A3294-300x169.jpg\" alt=\"\" width=\"300\" height=\"169\" srcset=\"https:\/\/laultimapalabra.com.mx\/portal\/wp-content\/uploads\/2023\/12\/229A3294-300x169.jpg 300w, https:\/\/laultimapalabra.com.mx\/portal\/wp-content\/uploads\/2023\/12\/229A3294-1024x575.jpg 1024w, https:\/\/laultimapalabra.com.mx\/portal\/wp-content\/uploads\/2023\/12\/229A3294-768x431.jpg 768w, https:\/\/laultimapalabra.com.mx\/portal\/wp-content\/uploads\/2023\/12\/229A3294-1536x863.jpg 1536w, https:\/\/laultimapalabra.com.mx\/portal\/wp-content\/uploads\/2023\/12\/229A3294-2048x1150.jpg 2048w\" sizes=\"auto, (max-width: 300px) 100vw, 300px\" \/><\/p>\n<p>&nbsp;<\/p>\n<p>\u201cEste es el reto m\u00e1s hermoso y el m\u00e1s emocionante. De la urgencia de la pandemia a la trascendencia de IMSS Bienestar, un sistema de salud para los que no tienen seguro social, que se pueda decir por siempre, que el IMSS cre\u00f3 un nuevo IMSS\u201d, dijo ante la secretaria de Gobernaci\u00f3n, Luisa Mar\u00eda Alcalde Luj\u00e1n, en representaci\u00f3n del presidente de M\u00e9xico, Andr\u00e9s Manuel L\u00f3pez Obrador; seis secretarios de Estado, entre ellos el de Salud, doctor Jorge Alcocer Varela, gobernadores, directivos normativos e integrantes de la Asamblea de la Fundaci\u00f3n IMSS.<\/p>\n<p>&nbsp;<\/p>\n<p>Destac\u00f3 que, bajo el dise\u00f1o del Plan Nacional de Rehabilitaci\u00f3n de Infraestructura, de 2019 a 2023 se invirtieron 38 mil 677 millones de pesos (mdp) en conservaci\u00f3n, est\u00e1n en proceso de rehabilitaci\u00f3n 759 Unidades de Medicina Familiar y 211 hospitales; est\u00e1n por entrar en funcionamiento 10 hospitales que significan mil 110 camas adicionales; se construyen ocho hospitales generales con una inversi\u00f3n de 18 mil mdp en obra y equipo.<\/p>\n<p>&nbsp;<\/p>\n<p>Subray\u00f3 que en 2019 recibi\u00f3 al IMSS con 215 mmdp de reservas y actualmente tiene 425 mmdp, es decir, un crecimiento del 97 por ciento; se tienen 13 a\u00f1os de suficiencia financiera y estas gestiones han permitido surtir m\u00e1s de mil 56 millones de recetas en esta administraci\u00f3n; se han realizado 114 millones de consultas de Especialidad y de Medicina Familiar, 40 millones de acciones de detecci\u00f3n de diabetes y 86 millones de hipertensi\u00f3n, 1.5 millones de cirug\u00edas y 2 mil 628 trasplantes.<\/p>\n<p>&nbsp;<\/p>\n<p>En materia de seguridad y bienestar laboral, destac\u00f3 el programa Entornos Laborales Seguros y Saludables (ELSSA), que desde mayo de 2022 al 17 de noviembre de 2023 ha beneficiado a 3.2 millones de trabajadores y disminuyeron 50 mil accidentes de trabajo en 2022 respecto a 2018; en crecimiento de personal de 2018 a la fecha se han contratado mil 488 m\u00e9dicos generales, 8 mil 456 m\u00e9dicos especialistas y 7 mil personal de Enfermer\u00eda.<\/p>\n<p>&nbsp;<\/p>\n<p>En su intervenci\u00f3n, la secretaria de Gobernaci\u00f3n, Luisa Mar\u00eda Alcalde Luj\u00e1n, asegur\u00f3 que hoy el IMSS recuper\u00f3 su posici\u00f3n como columna vertebral del sistema de salud y es una instituci\u00f3n que ha impulsado, vigilado y acompa\u00f1ado una pol\u00edtica laboral transformadora impulsada por el Ejecutivo federal para acabar con los abusos de la subcontrataci\u00f3n, incrementar el salario, registrar cuando hay ca\u00eddas en el empleo, realizar acciones de vigilancia para que no existan abusos y no exista el subregistro en el Seguro Social.<\/p>\n<p>&nbsp;<\/p>\n<p>\u201cPor eso en esta asamblea hablamos de actualizar las tablas de enfermedades porque se entiende que los derechohabientes son mujeres y hombres que viven de su trabajo, y que son sus familias las que lo integran. Hoy el IMSS ha sido capaz de romper con paradigmas y camisas de fuerza para incluir a millones de personas trabajadoras que antes no ten\u00edan cabida, como es el caso de las trabajadoras del hogar, quienes<\/p>\n<p>&nbsp;<\/p>\n<p>trabajan de manera independiente o por cuenta propia, entre ellos, profesionistas, peque\u00f1os comerciantes, artesanos y dem\u00e1s trabajadores no asalariados.\u201d, subray\u00f3.<\/p>\n<p>&nbsp;<\/p>\n<p>Resalt\u00f3 que, desde su nacimiento en 1943, este es el periodo de gobierno donde m\u00e1s empe\u00f1o ha puesto un presidente de la Rep\u00fablica en fortalecer a la instituci\u00f3n; en dotarla de herramientas, infraestructura y nuevos br\u00edos para el futuro. \u201cEl \u00e9nfasis que el presidente L\u00f3pez Obrador ha puesto en el instituto ha permitido recuperar un sistema de salud p\u00fablico, pero, sobre todo, aspirar a la universalidad\u201d.<\/p>\n<p>&nbsp;<\/p>\n<p>La secretaria Luisa Mar\u00eda alcalde recalc\u00f3 que tambi\u00e9n, a trav\u00e9s de IMSS Bienestar, el Instituto toma una nueva impronta que durar\u00e1 d\u00e9cadas y que ser\u00e1 recordada por generaciones como una transformaci\u00f3n profunda en el campo de la salud y de la seguridad social. \u201cHay que pensarlo, no es menor que este nuevo sistema cubra a 53.2 millones de personas en 23 estados de la Rep\u00fablica y tampoco es menor que esto se haya logrado en tan solo cinco a\u00f1os de gobierno\u201d.<\/p>\n<p>&nbsp;<\/p>\n<p>La encargada de la pol\u00edtica interior del pa\u00eds reconoci\u00f3 la altura de miras del director general del IMSS, Zo\u00e9 Robledo, de mantenerse al frente de este esfuerzo tit\u00e1nico, \u201choy es momento de acompa\u00f1ar al presidente de la Rep\u00fablica hasta el \u00faltimo minuto de su mandato para consolidar esta primera etapa de transformaci\u00f3n\u201d.<\/p>\n<p>&nbsp;<\/p>\n<p>A su vez, el consejero por el sector obrero de la Confederaci\u00f3n de Trabajadores de M\u00e9xico (CTM), Jos\u00e9 Luis Carazo Preciado, quien acudi\u00f3 en representaci\u00f3n del secretario general de la CTM, Carlos Aceves del Olmo, destac\u00f3 que el IMSS en sus 80 a\u00f1os de experiencia ha sumado esfuerzos en materia de seguridad social, salud y bienestar para la derechohabiencia, apoyado con la fuerza del personal con que cuenta el Instituto, \u201cun modelo \u00fanico en el mundo y que ning\u00fan pa\u00eds rebasa el valor agregado que nuestros compa\u00f1eros inyectan a su actuar cotidiano\u201d.<\/p>\n<p>&nbsp;<\/p>\n<p>En tanto el representante del sector patronal y presidente de la Confederaci\u00f3n de C\u00e1maras Industriales de los Estados Unidos Mexicanos (Concamin), Jos\u00e9 Antonio Abugaber Andonie, destac\u00f3 que el incremento de las aportaciones de los sectores productivos y la eficiente gesti\u00f3n del Instituto que ha permitido un super\u00e1vit acumulado de 33 mil 400 millones de pesos. \u201cEs por eso que las y los industriales de M\u00e9xico seguiremos apoyando los esfuerzos para garantizar el cabal cumplimiento de la ley, porque estamos en contra de pr\u00e1cticas de competencia desleal\u201d.<\/p>\n<p>&nbsp;<\/p>\n<p>Al hacer uso de la palabra, el coordinador de Proyectos Especiales en Salud del IMSS y m\u00e9dico ilustre 2023, doctor Felipe Cruz Vega, detall\u00f3 que con el Premio al M\u00e9rito M\u00e9dico por primera vez se reconocer\u00e1 a los cinco profesionales de la salud mejor calificados de 14 mil 610 registrados, elegidos por su profesionalismo y buen trato a la derechohabiencia; adem\u00e1s, de forma simb\u00f3lica, se entregaron tres reconocimientos al personal de salud que con vocaci\u00f3n de servicio dedicaron su tiempo para atender a la poblaci\u00f3n afectada por el hurac\u00e1n Otis en Guerrero.<\/p>\n<p>&nbsp;<\/p>\n<p>Como parte de la ceremonia institucional por el D\u00eda de las M\u00e9dicas y los M\u00e9dicos, se entreg\u00f3 el reconocimiento al M\u00e9rito M\u00e9dico, a la Atenci\u00f3n M\u00e9dica, Atenci\u00f3n al Derechohabiente y Atenci\u00f3n a la Emergencia por el hurac\u00e1n Otis; el Premio IMSS a la Competitividad 2023 a las Unidades M\u00e9dicas, Sociales y Administrativas, as\u00ed como los reconocimientos a la Trayectoria Profesional e Institucional.<\/p>\n<p>&nbsp;<\/p>\n<p>Asimismo, se devel\u00f3 en la Plaza de las M\u00e9dicas y los M\u00e9dicos Ilustres en el CMN Siglo XXI el busto en honor al doctor Felipe Cruz Vega, por ser el \u00fanico m\u00e9dico reconocido en activo y un ejemplo de desarrollo profesional en el Seguro Social, cuya actuaci\u00f3n y trayectoria ha sido relevante para fortalecer al IMSS en beneficio de todas y todos los mexicanos.<\/p>\n<p>&nbsp;<\/p>\n<p>Asistieron a la 114 Asamblea General Ordinaria del IMSS los mandatarios de Aguascalientes, Mar\u00eda Teresa Jim\u00e9nez Esquivel; Colima, Indira Vizca\u00edno Silva; Morelos, Cuauht\u00e9moc Blanco Bravo; Nayarit, Miguel \u00c1ngel Navarro Quintero; Puebla, Sergio Salom\u00f3n C\u00e9spedes Peregrina; Tamaulipas, Am\u00e9rico Villarreal Anaya; Veracruz, Cuitl\u00e1huac Garc\u00eda Jim\u00e9nez; y Zacatecas, David Monreal \u00c1vila.<\/p>\n","protected":false},"excerpt":{"rendered":"<p>\u2022 El director general del Seguro Social encabez\u00f3 la 114 Asamblea General Ordinaria del Instituto y rindi\u00f3 su Informe de Labores 2022-2023. \u2022 Dijo que ya funciona una red de 697 Hospitales, 13 mil 966 Centros de Salud y est\u00e1 en proceso la basificaci\u00f3n del personal para atender a 53.2 millones de mexicanos. \u2022 En [&hellip;]<\/p>\n","protected":false},"author":9,"featured_media":51104,"comment_status":"closed","ping_status":"closed","sticky":false,"template":"","format":"standard","meta":{"footnotes":""},"categories":[15],"tags":[1249,4269,8861,5859],"class_list":["post-51103","post","type-post","status-publish","format-standard","has-post-thumbnail","hentry","category-estado","tag-imss","tag-mexico","tag-sistemadesalud","tag-ultimas-noticias"],"_links":{"self":[{"href":"https:\/\/laultimapalabra.com.mx\/portal\/wp-json\/wp\/v2\/posts\/51103","targetHints":{"allow":["GET"]}}],"collection":[{"href":"https:\/\/laultimapalabra.com.mx\/portal\/wp-json\/wp\/v2\/posts"}],"about":[{"href":"https:\/\/laultimapalabra.com.mx\/portal\/wp-json\/wp\/v2\/types\/post"}],"author":[{"embeddable":true,"href":"https:\/\/laultimapalabra.com.mx\/portal\/wp-json\/wp\/v2\/users\/9"}],"replies":[{"embeddable":true,"href":"https:\/\/laultimapalabra.com.mx\/portal\/wp-json\/wp\/v2\/comments?post=51103"}],"version-history":[{"count":1,"href":"https:\/\/laultimapalabra.com.mx\/portal\/wp-json\/wp\/v2\/posts\/51103\/revisions"}],"predecessor-version":[{"id":51108,"href":"https:\/\/laultimapalabra.com.mx\/portal\/wp-json\/wp\/v2\/posts\/51103\/revisions\/51108"}],"wp:featuredmedia":[{"embeddable":true,"href":"https:\/\/laultimapalabra.com.mx\/portal\/wp-json\/wp\/v2\/media\/51104"}],"wp:attachment":[{"href":"https:\/\/laultimapalabra.com.mx\/portal\/wp-json\/wp\/v2\/media?parent=51103"}],"wp:term":[{"taxonomy":"category","embeddable":true,"href":"https:\/\/laultimapalabra.com.mx\/portal\/wp-json\/wp\/v2\/categories?post=51103"},{"taxonomy":"post_tag","embeddable":true,"href":"https:\/\/laultimapalabra.com.mx\/portal\/wp-json\/wp\/v2\/tags?post=51103"}],"curies":[{"name":"wp","href":"https:\/\/api.w.org\/{rel}","templated":true}]}}