                       {"id":51263,"date":"2023-12-08T13:21:47","date_gmt":"2023-12-08T19:21:47","guid":{"rendered":"https:\/\/laultimapalabra.com.mx\/portal\/?p=51263"},"modified":"2023-12-08T13:21:47","modified_gmt":"2023-12-08T19:21:47","slug":"felix-arratia-renuncia-a-la-secretaria-de-medio-ambiente-estatal","status":"publish","type":"post","link":"https:\/\/laultimapalabra.com.mx\/portal\/felix-arratia-renuncia-a-la-secretaria-de-medio-ambiente-estatal\/","title":{"rendered":"F\u00e9lix Arratia renuncia a la Secretar\u00eda de Medio Ambiente Estatal"},"content":{"rendered":"<p>Monterrey. \u2013 F\u00e9lix Arratia renunci\u00f3 al cargo de secretario de Medio Ambiente de Nuevo Le\u00f3n, dijeron fuentes a ABC Noticias.<\/p>\n<p>Con tareas pendientes como el Plan Integral de Gesti\u00f3n de la Calidad del Aire, el funcionario, que pas\u00f3 d\u00edas alejado de las c\u00e1maras, se va para contender por la alcald\u00eda del municipio de Ju\u00e1rez.<\/p>\n<p>&#8220;Lo anterior para poder atender asuntos de car\u00e1cter personal&#8221;, indica un fragmento de la misiva del funcionario, quien encabez\u00f3 dicha dependencia desde el pasado 15 de febrero de este a\u00f1o, despu\u00e9s de salir de la Subsecretar\u00eda de Administraci\u00f3n Tributaria.<\/p>\n<p>La silla de Medio Ambiente no se quedar\u00e1 vac\u00eda, ya que a ella regresar\u00e1 Alfonso Mart\u00ednez, quien se hab\u00eda alejado del cargo en febrero de este a\u00f1o.<\/p>\n<p>C\u00f3mo se recordar\u00e1, esta separaci\u00f3n del SAT NL se dio en medio de una denuncia penal por amenazas en el proceso de designaci\u00f3n del Fiscal General.<\/p>\n<p>Hasta ahora no se ha especificado si la aspiraci\u00f3n pol\u00edtica de Arratia estar\u00e1 relacionada con Movimiento Ciudadano.<\/p>\n<p>La salida de F\u00e9lix Arratia se da en un momento complicado para la Secretar\u00eda de Medio Ambiente de Nuevo Le\u00f3n, pues la mala calidad del aire registrada en la zona metropolitana de Monterrey sigue siendo asignatura pendiente para el Gobierno en turno.<\/p>\n<p>En los \u00faltimos d\u00edas la contaminaci\u00f3n ha tomado mayor fuerza, no obstante, desde la Secretar\u00eda no se ha emitido ninguna alerta ambiental, situaci\u00f3n que preocupa a expertos y ciudadanos.<\/p>\n<p>Fuente: abc noticias<\/p>\n<p>Cr\u00e9ditos foto: abc noticias<\/p>\n","protected":false},"excerpt":{"rendered":"<p>Monterrey. \u2013 F\u00e9lix Arratia renunci\u00f3 al cargo de secretario de Medio Ambiente de Nuevo Le\u00f3n, dijeron fuentes a ABC Noticias. Con tareas pendientes como el Plan Integral de Gesti\u00f3n de la Calidad del Aire, el funcionario, que pas\u00f3 d\u00edas alejado de las c\u00e1maras, se va para contender por la alcald\u00eda del municipio de Ju\u00e1rez. &#8220;Lo [&hellip;]<\/p>\n","protected":false},"author":9,"featured_media":51264,"comment_status":"closed","ping_status":"closed","sticky":false,"template":"","format":"standard","meta":{"footnotes":""},"categories":[15],"tags":[10885,1355,5113,4764,10884,5859],"class_list":["post-51263","post","type-post","status-publish","format-standard","has-post-thumbnail","hentry","category-estado","tag-felix-arratia","tag-juarez","tag-nuevoleon","tag-renuncia","tag-secretariademedioambiente","tag-ultimas-noticias"],"_links":{"self":[{"href":"https:\/\/laultimapalabra.com.mx\/portal\/wp-json\/wp\/v2\/posts\/51263","targetHints":{"allow":["GET"]}}],"collection":[{"href":"https:\/\/laultimapalabra.com.mx\/portal\/wp-json\/wp\/v2\/posts"}],"about":[{"href":"https:\/\/laultimapalabra.com.mx\/portal\/wp-json\/wp\/v2\/types\/post"}],"author":[{"embeddable":true,"href":"https:\/\/laultimapalabra.com.mx\/portal\/wp-json\/wp\/v2\/users\/9"}],"replies":[{"embeddable":true,"href":"https:\/\/laultimapalabra.com.mx\/portal\/wp-json\/wp\/v2\/comments?post=51263"}],"version-history":[{"count":1,"href":"https:\/\/laultimapalabra.com.mx\/portal\/wp-json\/wp\/v2\/posts\/51263\/revisions"}],"predecessor-version":[{"id":51265,"href":"https:\/\/laultimapalabra.com.mx\/portal\/wp-json\/wp\/v2\/posts\/51263\/revisions\/51265"}],"wp:featuredmedia":[{"embeddable":true,"href":"https:\/\/laultimapalabra.com.mx\/portal\/wp-json\/wp\/v2\/media\/51264"}],"wp:attachment":[{"href":"https:\/\/laultimapalabra.com.mx\/portal\/wp-json\/wp\/v2\/media?parent=51263"}],"wp:term":[{"taxonomy":"category","embeddable":true,"href":"https:\/\/laultimapalabra.com.mx\/portal\/wp-json\/wp\/v2\/categories?post=51263"},{"taxonomy":"post_tag","embeddable":true,"href":"https:\/\/laultimapalabra.com.mx\/portal\/wp-json\/wp\/v2\/tags?post=51263"}],"curies":[{"name":"wp","href":"https:\/\/api.w.org\/{rel}","templated":true}]}}